{"id":1834,"date":"2024-05-29T22:37:30","date_gmt":"2024-05-29T20:37:30","guid":{"rendered":"https:\/\/ateliers-contraste.com\/?p=1834"},"modified":"2024-06-30T16:48:47","modified_gmt":"2024-06-30T14:48:47","slug":"escapade-culturelle-2024-de-lassociation","status":"publish","type":"post","link":"https:\/\/ateliers-contraste.com\/index.php\/2024\/05\/29\/escapade-culturelle-2024-de-lassociation\/","title":{"rendered":"Escapade culturelle 2024 de l&rsquo;association"},"content":{"rendered":"\n<p>Mercredi 29 mai 2024, l&rsquo;association a propos\u00e9 \u00e0 ses adh\u00e9rents une sortie culturelle au <strong>Ch\u00e2teau de Chantilly et au Domaine de Chaalis<\/strong><\/p>\n\n\n\n<div class=\"wp-block-columns is-layout-flex wp-container-core-columns-is-layout-28f84493 wp-block-columns-is-layout-flex\">\n<div class=\"wp-block-column is-layout-flow wp-block-column-is-layout-flow\" style=\"flex-basis:50%\">\n<p>Partis en car \u00e0 8h de Rueil, les 41 participants n&rsquo;ont pas r\u00e9ussi, malgr\u00e9 leur humeur joviale, \u00e0 faire sortir le soleil de la journ\u00e9e.<br>Peu importe, l&rsquo;esprit associatif et culturel les a habit\u00e9 tout au long de la d\u00e9couverte de ces beaux lieux, de leur histoire, et de leurs belles collections d&rsquo;art. <br><br>Au <strong><a href=\"https:\/\/chateaudechantilly.fr\/chateau\/\" target=\"_blank\" rel=\"noreferrer noopener nofollow\">Ch\u00e2teau de Chantilly<\/a><\/strong>, deux guides conf\u00e9renciers pr\u00e9sentent le mus\u00e9e CONDE qui est la deuxi\u00e8me collection de peintures anciennes en France apr\u00e8s le Louvre, les peintures italiennes, fran\u00e7aises et flamandes du XIV au XVII\u00e8me si\u00e8cle, les miniatures de Jean Fouquet, ainsi que les grands appartements, et le cabinet des livres (o\u00f9 malheureusement les <a href=\"https:\/\/les-tres-riches-heures.chateaudechantilly.fr\/\" target=\"_blank\" rel=\"noreferrer noopener nofollow\">Riches Heures du Duc de Berry<\/a> ne sont pas visibles, il faudra revenir en 2025 ou les d\u00e9couvrir en ligne).<br>Le restaurant La Capitainerie, dans l\u2019enceinte du Ch\u00e2teau, a permis \u00e0 chacun de se restaurer .<br>L&rsquo;apr\u00e8s-midi, le <strong><a href=\"https:\/\/www.domainedechaalis.fr\/\" target=\"_blank\" rel=\"noreferrer noopener nofollow\">Domaine de Chaalis<\/a><\/strong> a accueilli le grand groupe pour une visite, avec un conf\u00e9rencier.<br>De cette ancienne abbaye royale fond\u00e9e au XIIe si\u00e8cle subsistent encore les ruines de l\u2019\u00e9glise et du clo\u00eetre gothiques, la chapelle et son exceptionnel d\u00e9cor de fresques de la Renaissance et l\u2019imposant<br>b\u00e2timent conventuel du XVIIIe si\u00e8cle. Vendu \u00e0 la R\u00e9volution, puis restaur\u00e9 par plusieurs propri\u00e9taires au XIXe si\u00e8cle, le domaine devient, en 1902, la propri\u00e9t\u00e9 de <a href=\"https:\/\/fr.wikipedia.org\/wiki\/N%C3%A9lie_Jacquemart\" target=\"_blank\" rel=\"noreferrer noopener nofollow\">N\u00e9lie Jacquemart-Andr\u00e9<\/a>,<br>qui y rassemble une collection de pr\u00e8s de 6000 \u0153uvres d\u2019art.<br>Un mus\u00e9e d\u00e9di\u00e9 \u00e0 Jean-Jacques Rousseau et une roseraie, class\u00e9e \u00ab Jardin remarquable \u00bb,<br>compl\u00e8tent aujourd\u2019hui cet ensemble.<\/p>\n\n\n\n<p>Grand merci aux organisateurs de cette belle journ\u00e9e, et \u00e0 l&rsquo;ann\u00e9e prochaine.<\/p>\n<\/div>\n\n\n\n<div class=\"wp-block-column is-layout-flow wp-block-column-is-layout-flow\" style=\"flex-basis:50%\">\n<div class=\"wp-block-group\"><div class=\"wp-block-group__inner-container is-layout-constrained wp-block-group-is-layout-constrained\"><\/div><\/div>\n\n\n\n<p><\/p>\n\n\n\n<div class=\"wp-block-kadence-image kb-image1834_17f342-8b coblocks-animate\" data-coblocks-animation=\"clipHorizontal\"><figure class=\"aligncenter size-medium\"><img data-recalc-dims=\"1\" loading=\"lazy\" decoding=\"async\" width=\"225\" height=\"300\" src=\"https:\/\/i0.wp.com\/ateliers-contraste.com\/wp-content\/uploads\/2024\/05\/sortie-2024-4.1.jpeg?resize=225%2C300&#038;ssl=1\" alt=\"\" class=\"kb-img wp-image-1842\" srcset=\"https:\/\/i0.wp.com\/ateliers-contraste.com\/wp-content\/uploads\/2024\/05\/sortie-2024-4.1.jpeg?resize=225%2C300&amp;ssl=1 225w, https:\/\/i0.wp.com\/ateliers-contraste.com\/wp-content\/uploads\/2024\/05\/sortie-2024-4.1.jpeg?resize=768%2C1024&amp;ssl=1 768w, https:\/\/i0.wp.com\/ateliers-contraste.com\/wp-content\/uploads\/2024\/05\/sortie-2024-4.1.jpeg?resize=1152%2C1536&amp;ssl=1 1152w, https:\/\/i0.wp.com\/ateliers-contraste.com\/wp-content\/uploads\/2024\/05\/sortie-2024-4.1.jpeg?w=1536&amp;ssl=1 1536w\" sizes=\"auto, (max-width: 225px) 100vw, 225px\" \/><\/figure><\/div>\n\n\n\n<div class=\"wp-block-kadence-image kb-image1834_f60415-23 coblocks-animate\" data-coblocks-animation=\"clipVertical\"><figure class=\"aligncenter size-large\"><img data-recalc-dims=\"1\" loading=\"lazy\" decoding=\"async\" width=\"750\" height=\"563\" src=\"https:\/\/i0.wp.com\/ateliers-contraste.com\/wp-content\/uploads\/2024\/05\/sortie-2024-3.1.jpeg?resize=750%2C563&#038;ssl=1\" alt=\"\" class=\"kb-img wp-image-1841\" srcset=\"https:\/\/i0.wp.com\/ateliers-contraste.com\/wp-content\/uploads\/2024\/05\/sortie-2024-3.1.jpeg?resize=1024%2C769&amp;ssl=1 1024w, https:\/\/i0.wp.com\/ateliers-contraste.com\/wp-content\/uploads\/2024\/05\/sortie-2024-3.1.jpeg?resize=300%2C225&amp;ssl=1 300w, https:\/\/i0.wp.com\/ateliers-contraste.com\/wp-content\/uploads\/2024\/05\/sortie-2024-3.1.jpeg?resize=768%2C577&amp;ssl=1 768w, https:\/\/i0.wp.com\/ateliers-contraste.com\/wp-content\/uploads\/2024\/05\/sortie-2024-3.1.jpeg?resize=1536%2C1154&amp;ssl=1 1536w, https:\/\/i0.wp.com\/ateliers-contraste.com\/wp-content\/uploads\/2024\/05\/sortie-2024-3.1.jpeg?resize=1568%2C1178&amp;ssl=1 1568w, https:\/\/i0.wp.com\/ateliers-contraste.com\/wp-content\/uploads\/2024\/05\/sortie-2024-3.1.jpeg?w=1599&amp;ssl=1 1599w\" sizes=\"auto, (max-width: 750px) 100vw, 750px\" \/><\/figure><\/div>\n\n\n\n<div class=\"wp-block-kadence-image kb-image1834_9a73b4-1e coblocks-animate\" data-coblocks-animation=\"slideInLeft\"><figure class=\"aligncenter size-large\"><img data-recalc-dims=\"1\" loading=\"lazy\" decoding=\"async\" width=\"750\" height=\"1000\" src=\"https:\/\/i0.wp.com\/ateliers-contraste.com\/wp-content\/uploads\/2024\/05\/sortie-2024-2.1.jpeg?resize=750%2C1000&#038;ssl=1\" alt=\"\" class=\"kb-img wp-image-1840\" srcset=\"https:\/\/i0.wp.com\/ateliers-contraste.com\/wp-content\/uploads\/2024\/05\/sortie-2024-2.1.jpeg?resize=768%2C1024&amp;ssl=1 768w, https:\/\/i0.wp.com\/ateliers-contraste.com\/wp-content\/uploads\/2024\/05\/sortie-2024-2.1.jpeg?resize=225%2C300&amp;ssl=1 225w, https:\/\/i0.wp.com\/ateliers-contraste.com\/wp-content\/uploads\/2024\/05\/sortie-2024-2.1.jpeg?resize=1153%2C1536&amp;ssl=1 1153w, https:\/\/i0.wp.com\/ateliers-contraste.com\/wp-content\/uploads\/2024\/05\/sortie-2024-2.1.jpeg?w=1536&amp;ssl=1 1536w\" sizes=\"auto, (max-width: 750px) 100vw, 750px\" \/><\/figure><\/div>\n\n\n\n<div class=\"wp-block-kadence-image kb-image1834_6d1c8b-b8 coblocks-animate\" data-coblocks-animation=\"zoomIn\"><figure class=\"aligncenter size-large\"><img data-recalc-dims=\"1\" loading=\"lazy\" decoding=\"async\" width=\"750\" height=\"563\" src=\"https:\/\/i0.wp.com\/ateliers-contraste.com\/wp-content\/uploads\/2024\/05\/sortie-2024-1.1.jpeg?resize=750%2C563&#038;ssl=1\" alt=\"\" class=\"kb-img wp-image-1839\" srcset=\"https:\/\/i0.wp.com\/ateliers-contraste.com\/wp-content\/uploads\/2024\/05\/sortie-2024-1.1.jpeg?resize=1024%2C769&amp;ssl=1 1024w, https:\/\/i0.wp.com\/ateliers-contraste.com\/wp-content\/uploads\/2024\/05\/sortie-2024-1.1.jpeg?resize=300%2C225&amp;ssl=1 300w, https:\/\/i0.wp.com\/ateliers-contraste.com\/wp-content\/uploads\/2024\/05\/sortie-2024-1.1.jpeg?resize=768%2C577&amp;ssl=1 768w, https:\/\/i0.wp.com\/ateliers-contraste.com\/wp-content\/uploads\/2024\/05\/sortie-2024-1.1.jpeg?resize=1536%2C1154&amp;ssl=1 1536w, https:\/\/i0.wp.com\/ateliers-contraste.com\/wp-content\/uploads\/2024\/05\/sortie-2024-1.1.jpeg?resize=1568%2C1178&amp;ssl=1 1568w, https:\/\/i0.wp.com\/ateliers-contraste.com\/wp-content\/uploads\/2024\/05\/sortie-2024-1.1.jpeg?w=1599&amp;ssl=1 1599w\" sizes=\"auto, (max-width: 750px) 100vw, 750px\" \/><\/figure><\/div>\n<\/div>\n<\/div>\n<style class=\"advgb-styles-renderer\">.kb-image1834_17f342-8b.kb-image-is-ratio-size, .kb-image1834_17f342-8b .kb-image-is-ratio-size{max-width:224px;width:100%;}.wp-block-kadence-column > .kt-inside-inner-col > .kb-image1834_17f342-8b.kb-image-is-ratio-size, .wp-block-kadence-column > .kt-inside-inner-col > .kb-image1834_17f342-8b .kb-image-is-ratio-size{align-self:unset;}.kb-image1834_17f342-8b figure{max-width:224px;}.kb-image1834_17f342-8b .image-is-svg, .kb-image1834_17f342-8b .image-is-svg img{width:100%;}.kb-image1834_17f342-8b .kb-image-has-overlay:after{opacity:0.3;}.kb-image1834_f60415-23.kb-image-is-ratio-size, .kb-image1834_f60415-23 .kb-image-is-ratio-size{max-width:314px;width:100%;}.wp-block-kadence-column > .kt-inside-inner-col > .kb-image1834_f60415-23.kb-image-is-ratio-size, .wp-block-kadence-column > .kt-inside-inner-col > .kb-image1834_f60415-23 .kb-image-is-ratio-size{align-self:unset;}.kb-image1834_f60415-23 figure{max-width:314px;}.kb-image1834_f60415-23 .image-is-svg, .kb-image1834_f60415-23 .image-is-svg img{width:100%;}.kb-image1834_f60415-23 .kb-image-has-overlay:after{opacity:0.3;}.kb-image1834_9a73b4-1e.kb-image-is-ratio-size, .kb-image1834_9a73b4-1e .kb-image-is-ratio-size{max-width:215px;width:100%;}.wp-block-kadence-column > .kt-inside-inner-col > .kb-image1834_9a73b4-1e.kb-image-is-ratio-size, .wp-block-kadence-column > .kt-inside-inner-col > .kb-image1834_9a73b4-1e .kb-image-is-ratio-size{align-self:unset;}.kb-image1834_9a73b4-1e figure{max-width:215px;}.kb-image1834_9a73b4-1e .image-is-svg, .kb-image1834_9a73b4-1e .image-is-svg img{width:100%;}.kb-image1834_9a73b4-1e .kb-image-has-overlay:after{opacity:0.3;}.kb-image1834_6d1c8b-b8 .kb-image-has-overlay:after{opacity:0.3;}<\/style>","protected":false},"excerpt":{"rendered":"<p>Mercredi 29 mai 2024, l&rsquo;association a propos\u00e9 \u00e0 ses adh\u00e9rents une sortie culturelle au Ch\u00e2teau de Chantilly et au Domaine de Chaalis Partis en car \u00e0 8h de Rueil, les 41 participants n&rsquo;ont pas r\u00e9ussi, malgr\u00e9 leur humeur joviale, \u00e0 faire sortir le soleil de la journ\u00e9e.Peu importe, l&rsquo;esprit associatif et culturel les a habit\u00e9<a class=\"more-link\" href=\"https:\/\/ateliers-contraste.com\/index.php\/2024\/05\/29\/escapade-culturelle-2024-de-lassociation\/\">Lire la suite <span class=\"screen-reader-text\">\u00ab\u00a0Escapade culturelle 2024 de l&rsquo;association\u00a0\u00bb<\/span><\/a><\/p>\n","protected":false},"author":32,"featured_media":0,"comment_status":"closed","ping_status":"closed","sticky":false,"template":"","format":"standard","meta":{"_coblocks_attr":"","_coblocks_dimensions":"","_coblocks_responsive_height":"","_coblocks_accordion_ie_support":"","_uag_custom_page_level_css":"","advgb_blocks_editor_width":"","advgb_blocks_columns_visual_guide":"","jetpack_post_was_ever_published":false,"_jetpack_newsletter_access":"","_jetpack_dont_email_post_to_subs":false,"_jetpack_newsletter_tier_id":0,"_jetpack_memberships_contains_paywalled_content":false,"_jetpack_memberships_contains_paid_content":false,"footnotes":""},"categories":[1],"tags":[],"class_list":["post-1834","post","type-post","status-publish","format-standard","hentry","category-news","entry"],"yoast_head":"<!-- This site is optimized with the Yoast SEO plugin v27.5 - https:\/\/yoast.com\/product\/yoast-seo-wordpress\/ -->\n<title>Escapade culturelle 2024 de l&#039;association - ATELIERS CONTRASTE<\/title>\n<meta name=\"robots\" content=\"index, follow, max-snippet:-1, max-image-preview:large, max-video-preview:-1\" \/>\n<link rel=\"canonical\" href=\"https:\/\/ateliers-contraste.com\/index.php\/2024\/05\/29\/escapade-culturelle-2024-de-lassociation\/\" \/>\n<meta property=\"og:locale\" content=\"fr_FR\" \/>\n<meta property=\"og:type\" content=\"article\" \/>\n<meta property=\"og:title\" content=\"Escapade culturelle 2024 de l&#039;association - ATELIERS CONTRASTE\" \/>\n<meta property=\"og:description\" content=\"Mercredi 29 mai 2024, l&rsquo;association a propos\u00e9 \u00e0 ses adh\u00e9rents une sortie culturelle au Ch\u00e2teau de Chantilly et au Domaine de Chaalis Partis en car \u00e0 8h de Rueil, les 41 participants n&rsquo;ont pas r\u00e9ussi, malgr\u00e9 leur humeur joviale, \u00e0 faire sortir le soleil de la journ\u00e9e.Peu importe, l&rsquo;esprit associatif et culturel les a habit\u00e9Lire la suite &quot;Escapade culturelle 2024 de l&rsquo;association&quot;\" \/>\n<meta property=\"og:url\" content=\"https:\/\/ateliers-contraste.com\/index.php\/2024\/05\/29\/escapade-culturelle-2024-de-lassociation\/\" \/>\n<meta property=\"og:site_name\" content=\"ATELIERS CONTRASTE\" \/>\n<meta property=\"article:published_time\" content=\"2024-05-29T20:37:30+00:00\" \/>\n<meta property=\"article:modified_time\" content=\"2024-06-30T14:48:47+00:00\" \/>\n<meta property=\"og:image\" content=\"https:\/\/ateliers-contraste.com\/wp-content\/uploads\/2024\/05\/sortie-2024-4.1-225x300.jpeg\" \/>\n<meta name=\"author\" content=\"JM G\" \/>\n<meta name=\"twitter:card\" content=\"summary_large_image\" \/>\n<meta name=\"twitter:label1\" content=\"\u00c9crit par\" \/>\n\t<meta name=\"twitter:data1\" content=\"JM G\" \/>\n\t<meta name=\"twitter:label2\" content=\"Dur\u00e9e de lecture estim\u00e9e\" \/>\n\t<meta name=\"twitter:data2\" content=\"3 minutes\" \/>\n<script type=\"application\/ld+json\" class=\"yoast-schema-graph\">{\"@context\":\"https:\\\/\\\/schema.org\",\"@graph\":[{\"@type\":\"Article\",\"@id\":\"https:\\\/\\\/ateliers-contraste.com\\\/index.php\\\/2024\\\/05\\\/29\\\/escapade-culturelle-2024-de-lassociation\\\/#article\",\"isPartOf\":{\"@id\":\"https:\\\/\\\/ateliers-contraste.com\\\/index.php\\\/2024\\\/05\\\/29\\\/escapade-culturelle-2024-de-lassociation\\\/\"},\"author\":{\"name\":\"JM G\",\"@id\":\"https:\\\/\\\/ateliers-contraste.com\\\/#\\\/schema\\\/person\\\/9740f38a64a9368177c840a984b444b8\"},\"headline\":\"Escapade culturelle 2024 de l&rsquo;association\",\"datePublished\":\"2024-05-29T20:37:30+00:00\",\"dateModified\":\"2024-06-30T14:48:47+00:00\",\"mainEntityOfPage\":{\"@id\":\"https:\\\/\\\/ateliers-contraste.com\\\/index.php\\\/2024\\\/05\\\/29\\\/escapade-culturelle-2024-de-lassociation\\\/\"},\"wordCount\":315,\"publisher\":{\"@id\":\"https:\\\/\\\/ateliers-contraste.com\\\/#organization\"},\"image\":{\"@id\":\"https:\\\/\\\/ateliers-contraste.com\\\/index.php\\\/2024\\\/05\\\/29\\\/escapade-culturelle-2024-de-lassociation\\\/#primaryimage\"},\"thumbnailUrl\":\"https:\\\/\\\/ateliers-contraste.com\\\/wp-content\\\/uploads\\\/2024\\\/05\\\/sortie-2024-4.1-225x300.jpeg\",\"articleSection\":[\"NEWS\"],\"inLanguage\":\"fr-FR\"},{\"@type\":\"WebPage\",\"@id\":\"https:\\\/\\\/ateliers-contraste.com\\\/index.php\\\/2024\\\/05\\\/29\\\/escapade-culturelle-2024-de-lassociation\\\/\",\"url\":\"https:\\\/\\\/ateliers-contraste.com\\\/index.php\\\/2024\\\/05\\\/29\\\/escapade-culturelle-2024-de-lassociation\\\/\",\"name\":\"Escapade culturelle 2024 de l'association - ATELIERS CONTRASTE\",\"isPartOf\":{\"@id\":\"https:\\\/\\\/ateliers-contraste.com\\\/#website\"},\"primaryImageOfPage\":{\"@id\":\"https:\\\/\\\/ateliers-contraste.com\\\/index.php\\\/2024\\\/05\\\/29\\\/escapade-culturelle-2024-de-lassociation\\\/#primaryimage\"},\"image\":{\"@id\":\"https:\\\/\\\/ateliers-contraste.com\\\/index.php\\\/2024\\\/05\\\/29\\\/escapade-culturelle-2024-de-lassociation\\\/#primaryimage\"},\"thumbnailUrl\":\"https:\\\/\\\/ateliers-contraste.com\\\/wp-content\\\/uploads\\\/2024\\\/05\\\/sortie-2024-4.1-225x300.jpeg\",\"datePublished\":\"2024-05-29T20:37:30+00:00\",\"dateModified\":\"2024-06-30T14:48:47+00:00\",\"breadcrumb\":{\"@id\":\"https:\\\/\\\/ateliers-contraste.com\\\/index.php\\\/2024\\\/05\\\/29\\\/escapade-culturelle-2024-de-lassociation\\\/#breadcrumb\"},\"inLanguage\":\"fr-FR\",\"potentialAction\":[{\"@type\":\"ReadAction\",\"target\":[\"https:\\\/\\\/ateliers-contraste.com\\\/index.php\\\/2024\\\/05\\\/29\\\/escapade-culturelle-2024-de-lassociation\\\/\"]}]},{\"@type\":\"ImageObject\",\"inLanguage\":\"fr-FR\",\"@id\":\"https:\\\/\\\/ateliers-contraste.com\\\/index.php\\\/2024\\\/05\\\/29\\\/escapade-culturelle-2024-de-lassociation\\\/#primaryimage\",\"url\":\"https:\\\/\\\/ateliers-contraste.com\\\/wp-content\\\/uploads\\\/2024\\\/05\\\/sortie-2024-4.1-225x300.jpeg\",\"contentUrl\":\"https:\\\/\\\/ateliers-contraste.com\\\/wp-content\\\/uploads\\\/2024\\\/05\\\/sortie-2024-4.1-225x300.jpeg\"},{\"@type\":\"BreadcrumbList\",\"@id\":\"https:\\\/\\\/ateliers-contraste.com\\\/index.php\\\/2024\\\/05\\\/29\\\/escapade-culturelle-2024-de-lassociation\\\/#breadcrumb\",\"itemListElement\":[{\"@type\":\"ListItem\",\"position\":1,\"name\":\"Accueil\",\"item\":\"https:\\\/\\\/ateliers-contraste.com\\\/\"},{\"@type\":\"ListItem\",\"position\":2,\"name\":\"Escapade culturelle 2024 de l&rsquo;association\"}]},{\"@type\":\"WebSite\",\"@id\":\"https:\\\/\\\/ateliers-contraste.com\\\/#website\",\"url\":\"https:\\\/\\\/ateliers-contraste.com\\\/\",\"name\":\"ATELIERS CONTRASTE\",\"description\":\"Pratique des Arts Plastiques\",\"publisher\":{\"@id\":\"https:\\\/\\\/ateliers-contraste.com\\\/#organization\"},\"potentialAction\":[{\"@type\":\"SearchAction\",\"target\":{\"@type\":\"EntryPoint\",\"urlTemplate\":\"https:\\\/\\\/ateliers-contraste.com\\\/?s={search_term_string}\"},\"query-input\":{\"@type\":\"PropertyValueSpecification\",\"valueRequired\":true,\"valueName\":\"search_term_string\"}}],\"inLanguage\":\"fr-FR\"},{\"@type\":\"Organization\",\"@id\":\"https:\\\/\\\/ateliers-contraste.com\\\/#organization\",\"name\":\"ATELIERS CONTRASTE\",\"url\":\"https:\\\/\\\/ateliers-contraste.com\\\/\",\"logo\":{\"@type\":\"ImageObject\",\"inLanguage\":\"fr-FR\",\"@id\":\"https:\\\/\\\/ateliers-contraste.com\\\/#\\\/schema\\\/logo\\\/image\\\/\",\"url\":\"https:\\\/\\\/i2.wp.com\\\/ateliers-contraste.com\\\/wp-content\\\/uploads\\\/2020\\\/03\\\/logo-AC.jpg?fit=811%2C514\",\"contentUrl\":\"https:\\\/\\\/i2.wp.com\\\/ateliers-contraste.com\\\/wp-content\\\/uploads\\\/2020\\\/03\\\/logo-AC.jpg?fit=811%2C514\",\"width\":811,\"height\":514,\"caption\":\"ATELIERS CONTRASTE\"},\"image\":{\"@id\":\"https:\\\/\\\/ateliers-contraste.com\\\/#\\\/schema\\\/logo\\\/image\\\/\"}},{\"@type\":\"Person\",\"@id\":\"https:\\\/\\\/ateliers-contraste.com\\\/#\\\/schema\\\/person\\\/9740f38a64a9368177c840a984b444b8\",\"name\":\"JM G\",\"image\":{\"@type\":\"ImageObject\",\"inLanguage\":\"fr-FR\",\"@id\":\"https:\\\/\\\/secure.gravatar.com\\\/avatar\\\/45d0c1e7e59e4718d47f7f65e7cfa244c67089f2acedf0ad6a85c7a0aace0aae?s=96&d=mm&r=g\",\"url\":\"https:\\\/\\\/secure.gravatar.com\\\/avatar\\\/45d0c1e7e59e4718d47f7f65e7cfa244c67089f2acedf0ad6a85c7a0aace0aae?s=96&d=mm&r=g\",\"contentUrl\":\"https:\\\/\\\/secure.gravatar.com\\\/avatar\\\/45d0c1e7e59e4718d47f7f65e7cfa244c67089f2acedf0ad6a85c7a0aace0aae?s=96&d=mm&r=g\",\"caption\":\"JM G\"},\"url\":\"https:\\\/\\\/ateliers-contraste.com\\\/index.php\\\/author\\\/jmadmin\\\/\"}]}<\/script>\n<!-- \/ Yoast SEO plugin. -->","yoast_head_json":{"title":"Escapade culturelle 2024 de l'association - ATELIERS CONTRASTE","robots":{"index":"index","follow":"follow","max-snippet":"max-snippet:-1","max-image-preview":"max-image-preview:large","max-video-preview":"max-video-preview:-1"},"canonical":"https:\/\/ateliers-contraste.com\/index.php\/2024\/05\/29\/escapade-culturelle-2024-de-lassociation\/","og_locale":"fr_FR","og_type":"article","og_title":"Escapade culturelle 2024 de l'association - ATELIERS CONTRASTE","og_description":"Mercredi 29 mai 2024, l&rsquo;association a propos\u00e9 \u00e0 ses adh\u00e9rents une sortie culturelle au Ch\u00e2teau de Chantilly et au Domaine de Chaalis Partis en car \u00e0 8h de Rueil, les 41 participants n&rsquo;ont pas r\u00e9ussi, malgr\u00e9 leur humeur joviale, \u00e0 faire sortir le soleil de la journ\u00e9e.Peu importe, l&rsquo;esprit associatif et culturel les a habit\u00e9Lire la suite \"Escapade culturelle 2024 de l&rsquo;association\"","og_url":"https:\/\/ateliers-contraste.com\/index.php\/2024\/05\/29\/escapade-culturelle-2024-de-lassociation\/","og_site_name":"ATELIERS CONTRASTE","article_published_time":"2024-05-29T20:37:30+00:00","article_modified_time":"2024-06-30T14:48:47+00:00","og_image":[{"url":"https:\/\/ateliers-contraste.com\/wp-content\/uploads\/2024\/05\/sortie-2024-4.1-225x300.jpeg","type":"","width":"","height":""}],"author":"JM G","twitter_card":"summary_large_image","twitter_misc":{"\u00c9crit par":"JM G","Dur\u00e9e de lecture estim\u00e9e":"3 minutes"},"schema":{"@context":"https:\/\/schema.org","@graph":[{"@type":"Article","@id":"https:\/\/ateliers-contraste.com\/index.php\/2024\/05\/29\/escapade-culturelle-2024-de-lassociation\/#article","isPartOf":{"@id":"https:\/\/ateliers-contraste.com\/index.php\/2024\/05\/29\/escapade-culturelle-2024-de-lassociation\/"},"author":{"name":"JM G","@id":"https:\/\/ateliers-contraste.com\/#\/schema\/person\/9740f38a64a9368177c840a984b444b8"},"headline":"Escapade culturelle 2024 de l&rsquo;association","datePublished":"2024-05-29T20:37:30+00:00","dateModified":"2024-06-30T14:48:47+00:00","mainEntityOfPage":{"@id":"https:\/\/ateliers-contraste.com\/index.php\/2024\/05\/29\/escapade-culturelle-2024-de-lassociation\/"},"wordCount":315,"publisher":{"@id":"https:\/\/ateliers-contraste.com\/#organization"},"image":{"@id":"https:\/\/ateliers-contraste.com\/index.php\/2024\/05\/29\/escapade-culturelle-2024-de-lassociation\/#primaryimage"},"thumbnailUrl":"https:\/\/ateliers-contraste.com\/wp-content\/uploads\/2024\/05\/sortie-2024-4.1-225x300.jpeg","articleSection":["NEWS"],"inLanguage":"fr-FR"},{"@type":"WebPage","@id":"https:\/\/ateliers-contraste.com\/index.php\/2024\/05\/29\/escapade-culturelle-2024-de-lassociation\/","url":"https:\/\/ateliers-contraste.com\/index.php\/2024\/05\/29\/escapade-culturelle-2024-de-lassociation\/","name":"Escapade culturelle 2024 de l'association - ATELIERS CONTRASTE","isPartOf":{"@id":"https:\/\/ateliers-contraste.com\/#website"},"primaryImageOfPage":{"@id":"https:\/\/ateliers-contraste.com\/index.php\/2024\/05\/29\/escapade-culturelle-2024-de-lassociation\/#primaryimage"},"image":{"@id":"https:\/\/ateliers-contraste.com\/index.php\/2024\/05\/29\/escapade-culturelle-2024-de-lassociation\/#primaryimage"},"thumbnailUrl":"https:\/\/ateliers-contraste.com\/wp-content\/uploads\/2024\/05\/sortie-2024-4.1-225x300.jpeg","datePublished":"2024-05-29T20:37:30+00:00","dateModified":"2024-06-30T14:48:47+00:00","breadcrumb":{"@id":"https:\/\/ateliers-contraste.com\/index.php\/2024\/05\/29\/escapade-culturelle-2024-de-lassociation\/#breadcrumb"},"inLanguage":"fr-FR","potentialAction":[{"@type":"ReadAction","target":["https:\/\/ateliers-contraste.com\/index.php\/2024\/05\/29\/escapade-culturelle-2024-de-lassociation\/"]}]},{"@type":"ImageObject","inLanguage":"fr-FR","@id":"https:\/\/ateliers-contraste.com\/index.php\/2024\/05\/29\/escapade-culturelle-2024-de-lassociation\/#primaryimage","url":"https:\/\/ateliers-contraste.com\/wp-content\/uploads\/2024\/05\/sortie-2024-4.1-225x300.jpeg","contentUrl":"https:\/\/ateliers-contraste.com\/wp-content\/uploads\/2024\/05\/sortie-2024-4.1-225x300.jpeg"},{"@type":"BreadcrumbList","@id":"https:\/\/ateliers-contraste.com\/index.php\/2024\/05\/29\/escapade-culturelle-2024-de-lassociation\/#breadcrumb","itemListElement":[{"@type":"ListItem","position":1,"name":"Accueil","item":"https:\/\/ateliers-contraste.com\/"},{"@type":"ListItem","position":2,"name":"Escapade culturelle 2024 de l&rsquo;association"}]},{"@type":"WebSite","@id":"https:\/\/ateliers-contraste.com\/#website","url":"https:\/\/ateliers-contraste.com\/","name":"ATELIERS CONTRASTE","description":"Pratique des Arts Plastiques","publisher":{"@id":"https:\/\/ateliers-contraste.com\/#organization"},"potentialAction":[{"@type":"SearchAction","target":{"@type":"EntryPoint","urlTemplate":"https:\/\/ateliers-contraste.com\/?s={search_term_string}"},"query-input":{"@type":"PropertyValueSpecification","valueRequired":true,"valueName":"search_term_string"}}],"inLanguage":"fr-FR"},{"@type":"Organization","@id":"https:\/\/ateliers-contraste.com\/#organization","name":"ATELIERS CONTRASTE","url":"https:\/\/ateliers-contraste.com\/","logo":{"@type":"ImageObject","inLanguage":"fr-FR","@id":"https:\/\/ateliers-contraste.com\/#\/schema\/logo\/image\/","url":"https:\/\/i2.wp.com\/ateliers-contraste.com\/wp-content\/uploads\/2020\/03\/logo-AC.jpg?fit=811%2C514","contentUrl":"https:\/\/i2.wp.com\/ateliers-contraste.com\/wp-content\/uploads\/2020\/03\/logo-AC.jpg?fit=811%2C514","width":811,"height":514,"caption":"ATELIERS CONTRASTE"},"image":{"@id":"https:\/\/ateliers-contraste.com\/#\/schema\/logo\/image\/"}},{"@type":"Person","@id":"https:\/\/ateliers-contraste.com\/#\/schema\/person\/9740f38a64a9368177c840a984b444b8","name":"JM G","image":{"@type":"ImageObject","inLanguage":"fr-FR","@id":"https:\/\/secure.gravatar.com\/avatar\/45d0c1e7e59e4718d47f7f65e7cfa244c67089f2acedf0ad6a85c7a0aace0aae?s=96&d=mm&r=g","url":"https:\/\/secure.gravatar.com\/avatar\/45d0c1e7e59e4718d47f7f65e7cfa244c67089f2acedf0ad6a85c7a0aace0aae?s=96&d=mm&r=g","contentUrl":"https:\/\/secure.gravatar.com\/avatar\/45d0c1e7e59e4718d47f7f65e7cfa244c67089f2acedf0ad6a85c7a0aace0aae?s=96&d=mm&r=g","caption":"JM G"},"url":"https:\/\/ateliers-contraste.com\/index.php\/author\/jmadmin\/"}]}},"author_meta":{"display_name":"JM G","author_link":"https:\/\/ateliers-contraste.com\/index.php\/author\/jmadmin\/"},"featured_img":null,"jetpack_featured_media_url":"","uagb_featured_image_src":{"full":false,"thumbnail":false,"medium":false,"medium_large":false,"large":false,"1536x1536":false,"2048x2048":false,"post-thumbnail":false},"uagb_author_info":{"display_name":"JM G","author_link":"https:\/\/ateliers-contraste.com\/index.php\/author\/jmadmin\/"},"uagb_comment_info":0,"uagb_excerpt":"Mercredi 29 mai 2024, l&rsquo;association a propos\u00e9 \u00e0 ses adh\u00e9rents une sortie culturelle au Ch\u00e2teau de Chantilly et au Domaine de Chaalis Partis en car \u00e0 8h de Rueil, les 41 participants n&rsquo;ont pas r\u00e9ussi, malgr\u00e9 leur humeur joviale, \u00e0 faire sortir le soleil de la journ\u00e9e.Peu importe, l&rsquo;esprit associatif et culturel les a habit\u00e9Lire\u2026","coauthors":[],"tax_additional":{"categories":{"linked":["<a href=\"https:\/\/ateliers-contraste.com\/index.php\/category\/news\/\" class=\"advgb-post-tax-term\">NEWS<\/a>"],"unlinked":["<span class=\"advgb-post-tax-term\">NEWS<\/span>"]}},"comment_count":"0","relative_dates":{"created":"Publi\u00e9 2 ans il y a","modified":"Mis \u00e0 jour 2 ans il y a"},"absolute_dates":{"created":"Publi\u00e9 le 29\/05\/2024","modified":"Mise \u00e0 jour le 30\/06\/2024"},"absolute_dates_time":{"created":"Publi\u00e9 le 29\/05\/2024 22 h 37 min","modified":"Mise \u00e0 jour le 30\/06\/2024 16 h 48 min"},"featured_img_caption":"","series_order":"","jetpack_sharing_enabled":true,"_links":{"self":[{"href":"https:\/\/ateliers-contraste.com\/index.php\/wp-json\/wp\/v2\/posts\/1834","targetHints":{"allow":["GET"]}}],"collection":[{"href":"https:\/\/ateliers-contraste.com\/index.php\/wp-json\/wp\/v2\/posts"}],"about":[{"href":"https:\/\/ateliers-contraste.com\/index.php\/wp-json\/wp\/v2\/types\/post"}],"author":[{"embeddable":true,"href":"https:\/\/ateliers-contraste.com\/index.php\/wp-json\/wp\/v2\/users\/32"}],"replies":[{"embeddable":true,"href":"https:\/\/ateliers-contraste.com\/index.php\/wp-json\/wp\/v2\/comments?post=1834"}],"version-history":[{"count":3,"href":"https:\/\/ateliers-contraste.com\/index.php\/wp-json\/wp\/v2\/posts\/1834\/revisions"}],"predecessor-version":[{"id":1845,"href":"https:\/\/ateliers-contraste.com\/index.php\/wp-json\/wp\/v2\/posts\/1834\/revisions\/1845"}],"wp:attachment":[{"href":"https:\/\/ateliers-contraste.com\/index.php\/wp-json\/wp\/v2\/media?parent=1834"}],"wp:term":[{"taxonomy":"category","embeddable":true,"href":"https:\/\/ateliers-contraste.com\/index.php\/wp-json\/wp\/v2\/categories?post=1834"},{"taxonomy":"post_tag","embeddable":true,"href":"https:\/\/ateliers-contraste.com\/index.php\/wp-json\/wp\/v2\/tags?post=1834"}],"curies":[{"name":"wp","href":"https:\/\/api.w.org\/{rel}","templated":true}]}}