{"id":2162,"date":"2024-12-15T19:49:33","date_gmt":"2024-12-15T18:49:33","guid":{"rendered":"https:\/\/ateliers-contraste.com\/?p=2162"},"modified":"2025-01-09T22:44:03","modified_gmt":"2025-01-09T21:44:03","slug":"les-news-du-t4-2024","status":"publish","type":"post","link":"https:\/\/ateliers-contraste.com\/index.php\/2024\/12\/15\/les-news-du-t4-2024\/","title":{"rendered":"Les news du T4 2024"},"content":{"rendered":"<div class=\"wp-block-image\">\n<figure class=\"aligncenter size-large is-resized\"><img data-recalc-dims=\"1\" loading=\"lazy\" decoding=\"async\" width=\"750\" height=\"563\" src=\"https:\/\/i0.wp.com\/ateliers-contraste.com\/wp-content\/uploads\/2024\/12\/IMG_0215.jpeg?resize=750%2C563&#038;ssl=1\" alt=\"\" class=\"wp-image-2175\" style=\"width:219px;height:auto\" srcset=\"https:\/\/i0.wp.com\/ateliers-contraste.com\/wp-content\/uploads\/2024\/12\/IMG_0215-scaled.jpeg?resize=1024%2C768&amp;ssl=1 1024w, https:\/\/i0.wp.com\/ateliers-contraste.com\/wp-content\/uploads\/2024\/12\/IMG_0215-scaled.jpeg?resize=300%2C225&amp;ssl=1 300w, https:\/\/i0.wp.com\/ateliers-contraste.com\/wp-content\/uploads\/2024\/12\/IMG_0215-scaled.jpeg?resize=768%2C576&amp;ssl=1 768w, https:\/\/i0.wp.com\/ateliers-contraste.com\/wp-content\/uploads\/2024\/12\/IMG_0215-scaled.jpeg?resize=1536%2C1152&amp;ssl=1 1536w, https:\/\/i0.wp.com\/ateliers-contraste.com\/wp-content\/uploads\/2024\/12\/IMG_0215-scaled.jpeg?resize=2048%2C1536&amp;ssl=1 2048w, https:\/\/i0.wp.com\/ateliers-contraste.com\/wp-content\/uploads\/2024\/12\/IMG_0215-scaled.jpeg?resize=1568%2C1176&amp;ssl=1 1568w, https:\/\/i0.wp.com\/ateliers-contraste.com\/wp-content\/uploads\/2024\/12\/IMG_0215-scaled.jpeg?w=2250&amp;ssl=1 2250w\" sizes=\"auto, (max-width: 750px) 100vw, 750px\" \/><\/figure>\n<\/div>\n\n\n<p class=\"has-text-align-center\"><strong>AG \/ Conseil d&rsquo;admin \/ repas de l&rsquo;assos \/ Planning des expos \/<br> Sortie culturelle 2025, on vous dit tout &#8230;<\/strong><\/p>\n\n\n\n<div class=\"wp-block-kadence-iconlist kt-svg-icon-list-items kt-svg-icon-list-items2162_394074-92 kt-svg-icon-list-columns-1 alignnone kt-list-icon-aligntop\"><ul class=\"kt-svg-icon-list\">\n<li class=\"wp-block-kadence-listitem kt-svg-icon-list-item-wrap kt-svg-icon-list-item-2162_b92116-87\"><span class=\"kb-svg-icon-wrap kb-svg-icon-fe_checkCircle kt-svg-icon-list-single\"><svg viewBox=\"0 0 24 24\"  fill=\"none\" stroke=\"currentColor\" stroke-width=\"2\" stroke-linecap=\"round\" stroke-linejoin=\"round\" xmlns=\"http:\/\/www.w3.org\/2000\/svg\"  aria-hidden=\"true\"><path d=\"M22 11.08V12a10 10 0 1 1-5.93-9.14\"\/><polyline points=\"22 4 12 14.01 9 11.01\"\/><\/svg><\/span><span class=\"kt-svg-icon-list-text\">L&rsquo;AG s&rsquo;est d\u00e9roul\u00e9e le lundi 25 novembre, le compte rendu complet est <a href=\"https:\/\/ateliers-contraste.com\/wp-content\/uploads\/2024\/11\/PV-AG-25-11-2025.pdf\" target=\"_blank\" rel=\"noreferrer noopener\">ici<\/a><\/span><\/li>\n\n\n\n<li class=\"wp-block-kadence-listitem kt-svg-icon-list-item-wrap kt-svg-icon-list-item-2162_eb7d00-e9 kt-svg-icon-list-level-1\"><span class=\"kb-svg-icon-wrap kb-svg-icon-fe_checkCircle kt-svg-icon-list-single\"><svg viewBox=\"0 0 24 24\"  fill=\"none\" stroke=\"currentColor\" stroke-width=\"2\" stroke-linecap=\"round\" stroke-linejoin=\"round\" xmlns=\"http:\/\/www.w3.org\/2000\/svg\"  aria-hidden=\"true\"><path d=\"M22 11.08V12a10 10 0 1 1-5.93-9.14\"\/><polyline points=\"22 4 12 14.01 9 11.01\"\/><\/svg><\/span><span class=\"kt-svg-icon-list-text\">Apr\u00e8s la r\u00e9union du conseil d&rsquo;administration qui a suivi, et la constitution du nouveau bureau <em><mark style=\"background-color:rgba(0, 0, 0, 0)\" class=\"has-inline-color has-foreground-light-color\"><sup><sub>(Pr\u00e9sident&nbsp;: Jean Paul Fournial \/ Vice-Pr\u00e9sident&nbsp;: Jean Pierre Lourdais \/ Tr\u00e9sori\u00e8re&nbsp;: Sylvie Garde)<\/sub><\/sup><\/mark><\/em> , 34 adh\u00e9rents, sur les 84,  et 2 professeures se sont retrouv\u00e9s pour un repas convivial \u00e0 la <a href=\"https:\/\/lacasarueilmalmaison.fr\/fr\">CASA <\/a><\/span><\/li>\n\n\n\n<li class=\"wp-block-kadence-listitem kt-svg-icon-list-item-wrap kt-svg-icon-list-item-2162_0c604c-da\"><span class=\"kb-svg-icon-wrap kb-svg-icon-fe_checkCircle kt-svg-icon-list-single\"><svg viewBox=\"0 0 24 24\"  fill=\"none\" stroke=\"currentColor\" stroke-width=\"2\" stroke-linecap=\"round\" stroke-linejoin=\"round\" xmlns=\"http:\/\/www.w3.org\/2000\/svg\"  aria-hidden=\"true\"><path d=\"M22 11.08V12a10 10 0 1 1-5.93-9.14\"\/><polyline points=\"22 4 12 14.01 9 11.01\"\/><\/svg><\/span><span class=\"kt-svg-icon-list-text\">Il reste des places dans les ateliers : <\/span><\/li>\n\n\n\n<li class=\"wp-block-kadence-listitem kt-svg-icon-list-item-wrap kt-svg-icon-list-item-2162_17b99c-4d kt-svg-icon-list-level-1\"><span class=\"kb-svg-icon-wrap kb-svg-icon-fe_checkCircle kt-svg-icon-list-single\"><svg viewBox=\"0 0 24 24\"  fill=\"none\" stroke=\"currentColor\" stroke-width=\"2\" stroke-linecap=\"round\" stroke-linejoin=\"round\" xmlns=\"http:\/\/www.w3.org\/2000\/svg\"  aria-hidden=\"true\"><path d=\"M22 11.08V12a10 10 0 1 1-5.93-9.14\"\/><polyline points=\"22 4 12 14.01 9 11.01\"\/><\/svg><\/span><span class=\"kt-svg-icon-list-text\">Toutes techniques vendredi apr\u00e8s-midi \u00e0 l\u2019Ermitage (<a href=\"https:\/\/ateliers-contraste.com\/index.php\/projet-3-ateliers-toutes-techniques\/#Vendrediermitage\" target=\"_blank\" rel=\"noreferrer noopener\">2 places<\/a>)<\/span><\/li>\n\n\n\n<li class=\"wp-block-kadence-listitem kt-svg-icon-list-item-wrap kt-svg-icon-list-item-2162_d239c6-97 kt-svg-icon-list-level-1\"><span class=\"kb-svg-icon-wrap kb-svg-icon-fe_checkCircle kt-svg-icon-list-single\"><svg viewBox=\"0 0 24 24\"  fill=\"none\" stroke=\"currentColor\" stroke-width=\"2\" stroke-linecap=\"round\" stroke-linejoin=\"round\" xmlns=\"http:\/\/www.w3.org\/2000\/svg\"  aria-hidden=\"true\"><path d=\"M22 11.08V12a10 10 0 1 1-5.93-9.14\"\/><polyline points=\"22 4 12 14.01 9 11.01\"\/><\/svg><\/span><span class=\"kt-svg-icon-list-text\">Enluminures, vendredi 10h \u00e0 13h \u00e0 la MAI (2 <a href=\"https:\/\/ateliers-contraste.com\/index.php\/miniatures-et-enluminures\/\" target=\"_blank\" rel=\"noreferrer noopener\">places<\/a>)<\/span><\/li>\n\n\n\n<li class=\"wp-block-kadence-listitem kt-svg-icon-list-item-wrap kt-svg-icon-list-item-2162_7b32a9-a9\"><span class=\"kb-svg-icon-wrap kb-svg-icon-fe_checkCircle kt-svg-icon-list-single\"><svg viewBox=\"0 0 24 24\"  fill=\"none\" stroke=\"currentColor\" stroke-width=\"2\" stroke-linecap=\"round\" stroke-linejoin=\"round\" xmlns=\"http:\/\/www.w3.org\/2000\/svg\"  aria-hidden=\"true\"><path d=\"M22 11.08V12a10 10 0 1 1-5.93-9.14\"\/><polyline points=\"22 4 12 14.01 9 11.01\"\/><\/svg><\/span><span class=\"kt-svg-icon-list-text\">Le nouvel atelier <a href=\"https:\/\/ateliers-contraste.com\/index.php\/decouverte-de-la-gravure\/\" target=\"_blank\" rel=\"noreferrer noopener\"><strong>GRAVURE<\/strong> <\/a>rencontre un beau succ\u00e8s, et sera associ\u00e9 \u00e0 la F\u00eate de l\u2019Estampe organis\u00e9e par l\u2019association <a href=\"https:\/\/www.google.com\/url?sa=t&amp;source=web&amp;rct=j&amp;opi=89978449&amp;url=https:\/\/manifestampe.org\/&amp;ved=2ahUKEwiA1pv2_IOKAxVvV6QEHW5NIj4QFnoECDYQAQ&amp;usg=AOvVaw15NIyrek2-AJfo1YcG_5f8\">Manifestampe <\/a>(23 au 26 mai) avec expo \u00e0 la maison Daubigny, et conf\u00e9rence et d\u00e9monstrations \u00e0 la MAI<\/span><\/li>\n\n\n\n<li class=\"wp-block-kadence-listitem kt-svg-icon-list-item-wrap kt-svg-icon-list-item-2162_8f5400-6d\"><span class=\"kb-svg-icon-wrap kb-svg-icon-fe_checkCircle kt-svg-icon-list-single\"><svg viewBox=\"0 0 24 24\"  fill=\"none\" stroke=\"currentColor\" stroke-width=\"2\" stroke-linecap=\"round\" stroke-linejoin=\"round\" xmlns=\"http:\/\/www.w3.org\/2000\/svg\"  aria-hidden=\"true\"><path d=\"M22 11.08V12a10 10 0 1 1-5.93-9.14\"\/><polyline points=\"22 4 12 14.01 9 11.01\"\/><\/svg><\/span><span class=\"kt-svg-icon-list-text\">Adh\u00e9rents, r\u00e9servez votre <strong>mercredi&nbsp;21 mai 2025<\/strong> pour la sortie culturelle de l&rsquo;assos, \u00e0 <a href=\"https:\/\/mbarouen.fr\/fr\/le-musee-des-beaux-arts\" target=\"_blank\" rel=\"noreferrer noopener\">ROUEN<\/a>, ville d&rsquo;art et d&rsquo;histoire (surveillez les news pour tous les d\u00e9tails)<\/span><\/li>\n<\/ul><\/div>\n\n\n\n<p>N&rsquo;oubliez pas que le <a href=\"https:\/\/ateliers-contraste.com\/index.php\/calendrier\/\" target=\"_blank\" rel=\"noreferrer noopener\"><strong>calendrier<\/strong> <\/a>des ateliers est en ligne, ainsi que celui des<strong> <a href=\"https:\/\/ateliers-contraste.com\/index.php\/expositions\/\" target=\"_blank\" rel=\"noreferrer noopener\">expositions<\/a><\/strong><\/p>\n\n\n\n<div class=\"wp-block-columns is-layout-flex wp-container-core-columns-is-layout-28f84493 wp-block-columns-is-layout-flex\">\n<div class=\"wp-block-column is-layout-flow wp-block-column-is-layout-flow\"><\/div>\n\n\n\n<div class=\"wp-block-column is-layout-flow wp-block-column-is-layout-flow\"><\/div>\n<\/div>\n\n\n\n<div class=\"wp-block-columns are-vertically-aligned-center has-border-color has-secondary-border-color is-layout-flex wp-container-core-columns-is-layout-28f84493 wp-block-columns-is-layout-flex\" style=\"border-width:8px\">\n<div class=\"wp-block-column is-vertically-aligned-center is-layout-flow wp-block-column-is-layout-flow\" style=\"flex-basis:33.34%\"><div class=\"wp-block-image is-style-rounded\">\n<figure class=\"aligncenter size-large coblocks-animate\" data-coblocks-animation=\"zoomIn\"><img data-recalc-dims=\"1\" loading=\"lazy\" decoding=\"async\" width=\"750\" height=\"563\" src=\"https:\/\/i0.wp.com\/ateliers-contraste.com\/wp-content\/uploads\/2024\/12\/Marie-Therese-Boules-de-NOEL-2-acrylique.jpeg?resize=750%2C563&#038;ssl=1\" alt=\"\" class=\"wp-image-2196\" srcset=\"https:\/\/i0.wp.com\/ateliers-contraste.com\/wp-content\/uploads\/2024\/12\/Marie-Therese-Boules-de-NOEL-2-acrylique-scaled.jpeg?resize=1024%2C768&amp;ssl=1 1024w, https:\/\/i0.wp.com\/ateliers-contraste.com\/wp-content\/uploads\/2024\/12\/Marie-Therese-Boules-de-NOEL-2-acrylique-scaled.jpeg?resize=300%2C225&amp;ssl=1 300w, https:\/\/i0.wp.com\/ateliers-contraste.com\/wp-content\/uploads\/2024\/12\/Marie-Therese-Boules-de-NOEL-2-acrylique-scaled.jpeg?resize=768%2C576&amp;ssl=1 768w, https:\/\/i0.wp.com\/ateliers-contraste.com\/wp-content\/uploads\/2024\/12\/Marie-Therese-Boules-de-NOEL-2-acrylique-scaled.jpeg?resize=1536%2C1152&amp;ssl=1 1536w, https:\/\/i0.wp.com\/ateliers-contraste.com\/wp-content\/uploads\/2024\/12\/Marie-Therese-Boules-de-NOEL-2-acrylique-scaled.jpeg?resize=2048%2C1536&amp;ssl=1 2048w, https:\/\/i0.wp.com\/ateliers-contraste.com\/wp-content\/uploads\/2024\/12\/Marie-Therese-Boules-de-NOEL-2-acrylique-scaled.jpeg?resize=1568%2C1176&amp;ssl=1 1568w, https:\/\/i0.wp.com\/ateliers-contraste.com\/wp-content\/uploads\/2024\/12\/Marie-Therese-Boules-de-NOEL-2-acrylique-scaled.jpeg?w=2250&amp;ssl=1 2250w\" sizes=\"auto, (max-width: 750px) 100vw, 750px\" \/><\/figure>\n<\/div><\/div>\n\n\n\n<div class=\"wp-block-column is-vertically-aligned-center is-layout-flow wp-block-column-is-layout-flow\" style=\"flex-basis:33.34%\">\n<p class=\"has-text-align-center has-background-background-color has-text-color has-background has-link-color coblocks-animate wp-elements-20e366a55141cbf89f96947a0df3b493\" style=\"color:#148c36\" data-coblocks-animation=\"zoomIn\"><strong>Bonne fin d&rsquo;ann\u00e9e<\/strong> <br>\u00e0 toutes et tous, prenez du plaisir dans l&rsquo;art&#8230;.!!<br>&#8230; Et surtout transmettez vos \u0153uvres \u00e0 vos professeurs, <br>pour les partager dans la <strong><a href=\"https:\/\/ateliers-contraste.com\/index.php\/galerie-des-artistes-2\/\">galerie des artistes<\/a> <\/strong><br>tout r\u00e9cemment mise \u00e0 jour&#8230;<\/p>\n<\/div>\n\n\n\n<div class=\"wp-block-column is-vertically-aligned-center is-layout-flow wp-block-column-is-layout-flow\" style=\"flex-basis:33.33%\"><div class=\"wp-block-image is-style-rounded\">\n<figure class=\"aligncenter size-large is-resized coblocks-animate\" data-coblocks-animation=\"zoomIn\"><img data-recalc-dims=\"1\" loading=\"lazy\" decoding=\"async\" width=\"717\" height=\"1024\" src=\"https:\/\/i0.wp.com\/ateliers-contraste.com\/wp-content\/uploads\/2024\/12\/Alain-Hiver.jpeg?resize=717%2C1024&#038;ssl=1\" alt=\"\" class=\"wp-image-2188\" style=\"width:195px;height:auto\" srcset=\"https:\/\/i0.wp.com\/ateliers-contraste.com\/wp-content\/uploads\/2024\/12\/Alain-Hiver.jpeg?resize=717%2C1024&amp;ssl=1 717w, https:\/\/i0.wp.com\/ateliers-contraste.com\/wp-content\/uploads\/2024\/12\/Alain-Hiver.jpeg?resize=210%2C300&amp;ssl=1 210w, https:\/\/i0.wp.com\/ateliers-contraste.com\/wp-content\/uploads\/2024\/12\/Alain-Hiver.jpeg?resize=768%2C1097&amp;ssl=1 768w, https:\/\/i0.wp.com\/ateliers-contraste.com\/wp-content\/uploads\/2024\/12\/Alain-Hiver.jpeg?resize=1076%2C1536&amp;ssl=1 1076w, https:\/\/i0.wp.com\/ateliers-contraste.com\/wp-content\/uploads\/2024\/12\/Alain-Hiver.jpeg?w=1434&amp;ssl=1 1434w\" sizes=\"auto, (max-width: 717px) 100vw, 717px\" \/><\/figure>\n<\/div><\/div>\n<\/div>\n\n\n\n<p><\/p>\n<style class=\"advgb-styles-renderer\">.wp-block-kadence-iconlist.kt-svg-icon-list-items2162_394074-92:not(.this-stops-third-party-issues){margin-top:0px;margin-bottom:0px;}.wp-block-kadence-iconlist.kt-svg-icon-list-items2162_394074-92 ul.kt-svg-icon-list:not(.this-prevents-issues):not(.this-stops-third-party-issues):not(.tijsloc){margin-top:0px;margin-right:0px;margin-bottom:0px;margin-left:0px;}.wp-block-kadence-iconlist.kt-svg-icon-list-items2162_394074-92 ul.kt-svg-icon-list{grid-row-gap:5px;}.wp-block-kadence-iconlist.kt-svg-icon-list-items2162_394074-92 ul.kt-svg-icon-list .kt-svg-icon-list-item-wrap .kt-svg-icon-list-single{margin-right:10px;}.kt-svg-icon-list-items2162_394074-92 ul.kt-svg-icon-list .kt-svg-icon-list-level-0 .kt-svg-icon-list-single svg{font-size:20px;}.kt-svg-icon-list-item-2162_b92116-87 .kt-svg-icon-list-text mark.kt-highlight{background-color:unset;font-style:normal;color:#f76a0c;-webkit-box-decoration-break:clone;box-decoration-break:clone;padding-top:0px;padding-right:0px;padding-bottom:0px;padding-left:0px;}.kt-svg-icon-list-item-2162_eb7d00-e9 .kt-svg-icon-list-text mark.kt-highlight{background-color:unset;font-style:normal;color:#f76a0c;-webkit-box-decoration-break:clone;box-decoration-break:clone;padding-top:0px;padding-right:0px;padding-bottom:0px;padding-left:0px;}.kt-svg-icon-list-item-2162_0c604c-da .kt-svg-icon-list-text mark.kt-highlight{background-color:unset;font-style:normal;color:#f76a0c;-webkit-box-decoration-break:clone;box-decoration-break:clone;padding-top:0px;padding-right:0px;padding-bottom:0px;padding-left:0px;}.kt-svg-icon-list-item-2162_17b99c-4d .kt-svg-icon-list-text mark.kt-highlight{background-color:unset;font-style:normal;color:#f76a0c;-webkit-box-decoration-break:clone;box-decoration-break:clone;padding-top:0px;padding-right:0px;padding-bottom:0px;padding-left:0px;}.kt-svg-icon-list-item-2162_d239c6-97 .kt-svg-icon-list-text mark.kt-highlight{background-color:unset;font-style:normal;color:#f76a0c;-webkit-box-decoration-break:clone;box-decoration-break:clone;padding-top:0px;padding-right:0px;padding-bottom:0px;padding-left:0px;}.kt-svg-icon-list-item-2162_7b32a9-a9 .kt-svg-icon-list-text mark.kt-highlight{background-color:unset;font-style:normal;color:#f76a0c;-webkit-box-decoration-break:clone;box-decoration-break:clone;padding-top:0px;padding-right:0px;padding-bottom:0px;padding-left:0px;}.kt-svg-icon-list-item-2162_8f5400-6d .kt-svg-icon-list-text mark.kt-highlight{background-color:unset;font-style:normal;color:#f76a0c;-webkit-box-decoration-break:clone;box-decoration-break:clone;padding-top:0px;padding-right:0px;padding-bottom:0px;padding-left:0px;}<\/style>","protected":false},"excerpt":{"rendered":"<p>AG \/ Conseil d&rsquo;admin \/ repas de l&rsquo;assos \/ Planning des expos \/ Sortie culturelle 2025, on vous dit tout &#8230; N&rsquo;oubliez pas que le calendrier des ateliers est en ligne, ainsi que celui des expositions Bonne fin d&rsquo;ann\u00e9e \u00e0 toutes et tous, prenez du plaisir dans l&rsquo;art&#8230;.!!&#8230; Et surtout transmettez vos \u0153uvres \u00e0 vos<a class=\"more-link\" href=\"https:\/\/ateliers-contraste.com\/index.php\/2024\/12\/15\/les-news-du-t4-2024\/\">Lire la suite <span class=\"screen-reader-text\">\u00ab\u00a0Les news du T4 2024\u00a0\u00bb<\/span><\/a><\/p>\n","protected":false},"author":32,"featured_media":0,"comment_status":"closed","ping_status":"closed","sticky":false,"template":"","format":"standard","meta":{"_coblocks_attr":"","_coblocks_dimensions":"","_coblocks_responsive_height":"","_coblocks_accordion_ie_support":"","_uag_custom_page_level_css":"","advgb_blocks_editor_width":"","advgb_blocks_columns_visual_guide":"","jetpack_post_was_ever_published":false,"_jetpack_newsletter_access":"","_jetpack_dont_email_post_to_subs":false,"_jetpack_newsletter_tier_id":0,"_jetpack_memberships_contains_paywalled_content":false,"_jetpack_memberships_contains_paid_content":false,"footnotes":""},"categories":[1],"tags":[],"class_list":["post-2162","post","type-post","status-publish","format-standard","hentry","category-news","entry"],"yoast_head":"<!-- This site is optimized with the Yoast SEO plugin v27.5 - https:\/\/yoast.com\/product\/yoast-seo-wordpress\/ -->\n<title>Les news du T4 2024 - ATELIERS CONTRASTE<\/title>\n<meta name=\"robots\" content=\"index, follow, max-snippet:-1, max-image-preview:large, max-video-preview:-1\" \/>\n<link rel=\"canonical\" href=\"https:\/\/ateliers-contraste.com\/index.php\/2024\/12\/15\/les-news-du-t4-2024\/\" \/>\n<meta property=\"og:locale\" content=\"fr_FR\" \/>\n<meta property=\"og:type\" content=\"article\" \/>\n<meta property=\"og:title\" content=\"Les news du T4 2024 - ATELIERS CONTRASTE\" \/>\n<meta property=\"og:description\" content=\"AG \/ Conseil d&rsquo;admin \/ repas de l&rsquo;assos \/ Planning des expos \/ Sortie culturelle 2025, on vous dit tout &#8230; N&rsquo;oubliez pas que le calendrier des ateliers est en ligne, ainsi que celui des expositions Bonne fin d&rsquo;ann\u00e9e \u00e0 toutes et tous, prenez du plaisir dans l&rsquo;art&#8230;.!!&#8230; Et surtout transmettez vos \u0153uvres \u00e0 vosLire la suite &quot;Les news du T4 2024&quot;\" \/>\n<meta property=\"og:url\" content=\"https:\/\/ateliers-contraste.com\/index.php\/2024\/12\/15\/les-news-du-t4-2024\/\" \/>\n<meta property=\"og:site_name\" content=\"ATELIERS CONTRASTE\" \/>\n<meta property=\"article:published_time\" content=\"2024-12-15T18:49:33+00:00\" \/>\n<meta property=\"article:modified_time\" content=\"2025-01-09T21:44:03+00:00\" \/>\n<meta property=\"og:image\" content=\"https:\/\/ateliers-contraste.com\/wp-content\/uploads\/2024\/12\/IMG_0215-1024x768.jpeg\" \/>\n<meta name=\"author\" content=\"JM G\" \/>\n<meta name=\"twitter:card\" content=\"summary_large_image\" \/>\n<meta name=\"twitter:label1\" content=\"\u00c9crit par\" \/>\n\t<meta name=\"twitter:data1\" content=\"JM G\" \/>\n\t<meta name=\"twitter:label2\" content=\"Dur\u00e9e de lecture estim\u00e9e\" \/>\n\t<meta name=\"twitter:data2\" content=\"2 minutes\" \/>\n<script type=\"application\/ld+json\" class=\"yoast-schema-graph\">{\"@context\":\"https:\\\/\\\/schema.org\",\"@graph\":[{\"@type\":\"Article\",\"@id\":\"https:\\\/\\\/ateliers-contraste.com\\\/index.php\\\/2024\\\/12\\\/15\\\/les-news-du-t4-2024\\\/#article\",\"isPartOf\":{\"@id\":\"https:\\\/\\\/ateliers-contraste.com\\\/index.php\\\/2024\\\/12\\\/15\\\/les-news-du-t4-2024\\\/\"},\"author\":{\"name\":\"JM G\",\"@id\":\"https:\\\/\\\/ateliers-contraste.com\\\/#\\\/schema\\\/person\\\/9740f38a64a9368177c840a984b444b8\"},\"headline\":\"Les news du T4 2024\",\"datePublished\":\"2024-12-15T18:49:33+00:00\",\"dateModified\":\"2025-01-09T21:44:03+00:00\",\"mainEntityOfPage\":{\"@id\":\"https:\\\/\\\/ateliers-contraste.com\\\/index.php\\\/2024\\\/12\\\/15\\\/les-news-du-t4-2024\\\/\"},\"wordCount\":230,\"publisher\":{\"@id\":\"https:\\\/\\\/ateliers-contraste.com\\\/#organization\"},\"image\":{\"@id\":\"https:\\\/\\\/ateliers-contraste.com\\\/index.php\\\/2024\\\/12\\\/15\\\/les-news-du-t4-2024\\\/#primaryimage\"},\"thumbnailUrl\":\"https:\\\/\\\/ateliers-contraste.com\\\/wp-content\\\/uploads\\\/2024\\\/12\\\/IMG_0215-1024x768.jpeg\",\"articleSection\":[\"NEWS\"],\"inLanguage\":\"fr-FR\"},{\"@type\":\"WebPage\",\"@id\":\"https:\\\/\\\/ateliers-contraste.com\\\/index.php\\\/2024\\\/12\\\/15\\\/les-news-du-t4-2024\\\/\",\"url\":\"https:\\\/\\\/ateliers-contraste.com\\\/index.php\\\/2024\\\/12\\\/15\\\/les-news-du-t4-2024\\\/\",\"name\":\"Les news du T4 2024 - ATELIERS CONTRASTE\",\"isPartOf\":{\"@id\":\"https:\\\/\\\/ateliers-contraste.com\\\/#website\"},\"primaryImageOfPage\":{\"@id\":\"https:\\\/\\\/ateliers-contraste.com\\\/index.php\\\/2024\\\/12\\\/15\\\/les-news-du-t4-2024\\\/#primaryimage\"},\"image\":{\"@id\":\"https:\\\/\\\/ateliers-contraste.com\\\/index.php\\\/2024\\\/12\\\/15\\\/les-news-du-t4-2024\\\/#primaryimage\"},\"thumbnailUrl\":\"https:\\\/\\\/ateliers-contraste.com\\\/wp-content\\\/uploads\\\/2024\\\/12\\\/IMG_0215-1024x768.jpeg\",\"datePublished\":\"2024-12-15T18:49:33+00:00\",\"dateModified\":\"2025-01-09T21:44:03+00:00\",\"breadcrumb\":{\"@id\":\"https:\\\/\\\/ateliers-contraste.com\\\/index.php\\\/2024\\\/12\\\/15\\\/les-news-du-t4-2024\\\/#breadcrumb\"},\"inLanguage\":\"fr-FR\",\"potentialAction\":[{\"@type\":\"ReadAction\",\"target\":[\"https:\\\/\\\/ateliers-contraste.com\\\/index.php\\\/2024\\\/12\\\/15\\\/les-news-du-t4-2024\\\/\"]}]},{\"@type\":\"ImageObject\",\"inLanguage\":\"fr-FR\",\"@id\":\"https:\\\/\\\/ateliers-contraste.com\\\/index.php\\\/2024\\\/12\\\/15\\\/les-news-du-t4-2024\\\/#primaryimage\",\"url\":\"https:\\\/\\\/ateliers-contraste.com\\\/wp-content\\\/uploads\\\/2024\\\/12\\\/IMG_0215-1024x768.jpeg\",\"contentUrl\":\"https:\\\/\\\/ateliers-contraste.com\\\/wp-content\\\/uploads\\\/2024\\\/12\\\/IMG_0215-1024x768.jpeg\"},{\"@type\":\"BreadcrumbList\",\"@id\":\"https:\\\/\\\/ateliers-contraste.com\\\/index.php\\\/2024\\\/12\\\/15\\\/les-news-du-t4-2024\\\/#breadcrumb\",\"itemListElement\":[{\"@type\":\"ListItem\",\"position\":1,\"name\":\"Accueil\",\"item\":\"https:\\\/\\\/ateliers-contraste.com\\\/\"},{\"@type\":\"ListItem\",\"position\":2,\"name\":\"Les news du T4 2024\"}]},{\"@type\":\"WebSite\",\"@id\":\"https:\\\/\\\/ateliers-contraste.com\\\/#website\",\"url\":\"https:\\\/\\\/ateliers-contraste.com\\\/\",\"name\":\"ATELIERS CONTRASTE\",\"description\":\"Pratique des Arts Plastiques\",\"publisher\":{\"@id\":\"https:\\\/\\\/ateliers-contraste.com\\\/#organization\"},\"potentialAction\":[{\"@type\":\"SearchAction\",\"target\":{\"@type\":\"EntryPoint\",\"urlTemplate\":\"https:\\\/\\\/ateliers-contraste.com\\\/?s={search_term_string}\"},\"query-input\":{\"@type\":\"PropertyValueSpecification\",\"valueRequired\":true,\"valueName\":\"search_term_string\"}}],\"inLanguage\":\"fr-FR\"},{\"@type\":\"Organization\",\"@id\":\"https:\\\/\\\/ateliers-contraste.com\\\/#organization\",\"name\":\"ATELIERS CONTRASTE\",\"url\":\"https:\\\/\\\/ateliers-contraste.com\\\/\",\"logo\":{\"@type\":\"ImageObject\",\"inLanguage\":\"fr-FR\",\"@id\":\"https:\\\/\\\/ateliers-contraste.com\\\/#\\\/schema\\\/logo\\\/image\\\/\",\"url\":\"https:\\\/\\\/i2.wp.com\\\/ateliers-contraste.com\\\/wp-content\\\/uploads\\\/2020\\\/03\\\/logo-AC.jpg?fit=811%2C514\",\"contentUrl\":\"https:\\\/\\\/i2.wp.com\\\/ateliers-contraste.com\\\/wp-content\\\/uploads\\\/2020\\\/03\\\/logo-AC.jpg?fit=811%2C514\",\"width\":811,\"height\":514,\"caption\":\"ATELIERS CONTRASTE\"},\"image\":{\"@id\":\"https:\\\/\\\/ateliers-contraste.com\\\/#\\\/schema\\\/logo\\\/image\\\/\"}},{\"@type\":\"Person\",\"@id\":\"https:\\\/\\\/ateliers-contraste.com\\\/#\\\/schema\\\/person\\\/9740f38a64a9368177c840a984b444b8\",\"name\":\"JM G\",\"image\":{\"@type\":\"ImageObject\",\"inLanguage\":\"fr-FR\",\"@id\":\"https:\\\/\\\/secure.gravatar.com\\\/avatar\\\/45d0c1e7e59e4718d47f7f65e7cfa244c67089f2acedf0ad6a85c7a0aace0aae?s=96&d=mm&r=g\",\"url\":\"https:\\\/\\\/secure.gravatar.com\\\/avatar\\\/45d0c1e7e59e4718d47f7f65e7cfa244c67089f2acedf0ad6a85c7a0aace0aae?s=96&d=mm&r=g\",\"contentUrl\":\"https:\\\/\\\/secure.gravatar.com\\\/avatar\\\/45d0c1e7e59e4718d47f7f65e7cfa244c67089f2acedf0ad6a85c7a0aace0aae?s=96&d=mm&r=g\",\"caption\":\"JM G\"},\"url\":\"https:\\\/\\\/ateliers-contraste.com\\\/index.php\\\/author\\\/jmadmin\\\/\"}]}<\/script>\n<!-- \/ Yoast SEO plugin. -->","yoast_head_json":{"title":"Les news du T4 2024 - ATELIERS CONTRASTE","robots":{"index":"index","follow":"follow","max-snippet":"max-snippet:-1","max-image-preview":"max-image-preview:large","max-video-preview":"max-video-preview:-1"},"canonical":"https:\/\/ateliers-contraste.com\/index.php\/2024\/12\/15\/les-news-du-t4-2024\/","og_locale":"fr_FR","og_type":"article","og_title":"Les news du T4 2024 - ATELIERS CONTRASTE","og_description":"AG \/ Conseil d&rsquo;admin \/ repas de l&rsquo;assos \/ Planning des expos \/ Sortie culturelle 2025, on vous dit tout &#8230; N&rsquo;oubliez pas que le calendrier des ateliers est en ligne, ainsi que celui des expositions Bonne fin d&rsquo;ann\u00e9e \u00e0 toutes et tous, prenez du plaisir dans l&rsquo;art&#8230;.!!&#8230; Et surtout transmettez vos \u0153uvres \u00e0 vosLire la suite \"Les news du T4 2024\"","og_url":"https:\/\/ateliers-contraste.com\/index.php\/2024\/12\/15\/les-news-du-t4-2024\/","og_site_name":"ATELIERS CONTRASTE","article_published_time":"2024-12-15T18:49:33+00:00","article_modified_time":"2025-01-09T21:44:03+00:00","og_image":[{"url":"https:\/\/ateliers-contraste.com\/wp-content\/uploads\/2024\/12\/IMG_0215-1024x768.jpeg","type":"","width":"","height":""}],"author":"JM G","twitter_card":"summary_large_image","twitter_misc":{"\u00c9crit par":"JM G","Dur\u00e9e de lecture estim\u00e9e":"2 minutes"},"schema":{"@context":"https:\/\/schema.org","@graph":[{"@type":"Article","@id":"https:\/\/ateliers-contraste.com\/index.php\/2024\/12\/15\/les-news-du-t4-2024\/#article","isPartOf":{"@id":"https:\/\/ateliers-contraste.com\/index.php\/2024\/12\/15\/les-news-du-t4-2024\/"},"author":{"name":"JM G","@id":"https:\/\/ateliers-contraste.com\/#\/schema\/person\/9740f38a64a9368177c840a984b444b8"},"headline":"Les news du T4 2024","datePublished":"2024-12-15T18:49:33+00:00","dateModified":"2025-01-09T21:44:03+00:00","mainEntityOfPage":{"@id":"https:\/\/ateliers-contraste.com\/index.php\/2024\/12\/15\/les-news-du-t4-2024\/"},"wordCount":230,"publisher":{"@id":"https:\/\/ateliers-contraste.com\/#organization"},"image":{"@id":"https:\/\/ateliers-contraste.com\/index.php\/2024\/12\/15\/les-news-du-t4-2024\/#primaryimage"},"thumbnailUrl":"https:\/\/ateliers-contraste.com\/wp-content\/uploads\/2024\/12\/IMG_0215-1024x768.jpeg","articleSection":["NEWS"],"inLanguage":"fr-FR"},{"@type":"WebPage","@id":"https:\/\/ateliers-contraste.com\/index.php\/2024\/12\/15\/les-news-du-t4-2024\/","url":"https:\/\/ateliers-contraste.com\/index.php\/2024\/12\/15\/les-news-du-t4-2024\/","name":"Les news du T4 2024 - ATELIERS CONTRASTE","isPartOf":{"@id":"https:\/\/ateliers-contraste.com\/#website"},"primaryImageOfPage":{"@id":"https:\/\/ateliers-contraste.com\/index.php\/2024\/12\/15\/les-news-du-t4-2024\/#primaryimage"},"image":{"@id":"https:\/\/ateliers-contraste.com\/index.php\/2024\/12\/15\/les-news-du-t4-2024\/#primaryimage"},"thumbnailUrl":"https:\/\/ateliers-contraste.com\/wp-content\/uploads\/2024\/12\/IMG_0215-1024x768.jpeg","datePublished":"2024-12-15T18:49:33+00:00","dateModified":"2025-01-09T21:44:03+00:00","breadcrumb":{"@id":"https:\/\/ateliers-contraste.com\/index.php\/2024\/12\/15\/les-news-du-t4-2024\/#breadcrumb"},"inLanguage":"fr-FR","potentialAction":[{"@type":"ReadAction","target":["https:\/\/ateliers-contraste.com\/index.php\/2024\/12\/15\/les-news-du-t4-2024\/"]}]},{"@type":"ImageObject","inLanguage":"fr-FR","@id":"https:\/\/ateliers-contraste.com\/index.php\/2024\/12\/15\/les-news-du-t4-2024\/#primaryimage","url":"https:\/\/ateliers-contraste.com\/wp-content\/uploads\/2024\/12\/IMG_0215-1024x768.jpeg","contentUrl":"https:\/\/ateliers-contraste.com\/wp-content\/uploads\/2024\/12\/IMG_0215-1024x768.jpeg"},{"@type":"BreadcrumbList","@id":"https:\/\/ateliers-contraste.com\/index.php\/2024\/12\/15\/les-news-du-t4-2024\/#breadcrumb","itemListElement":[{"@type":"ListItem","position":1,"name":"Accueil","item":"https:\/\/ateliers-contraste.com\/"},{"@type":"ListItem","position":2,"name":"Les news du T4 2024"}]},{"@type":"WebSite","@id":"https:\/\/ateliers-contraste.com\/#website","url":"https:\/\/ateliers-contraste.com\/","name":"ATELIERS CONTRASTE","description":"Pratique des Arts Plastiques","publisher":{"@id":"https:\/\/ateliers-contraste.com\/#organization"},"potentialAction":[{"@type":"SearchAction","target":{"@type":"EntryPoint","urlTemplate":"https:\/\/ateliers-contraste.com\/?s={search_term_string}"},"query-input":{"@type":"PropertyValueSpecification","valueRequired":true,"valueName":"search_term_string"}}],"inLanguage":"fr-FR"},{"@type":"Organization","@id":"https:\/\/ateliers-contraste.com\/#organization","name":"ATELIERS CONTRASTE","url":"https:\/\/ateliers-contraste.com\/","logo":{"@type":"ImageObject","inLanguage":"fr-FR","@id":"https:\/\/ateliers-contraste.com\/#\/schema\/logo\/image\/","url":"https:\/\/i2.wp.com\/ateliers-contraste.com\/wp-content\/uploads\/2020\/03\/logo-AC.jpg?fit=811%2C514","contentUrl":"https:\/\/i2.wp.com\/ateliers-contraste.com\/wp-content\/uploads\/2020\/03\/logo-AC.jpg?fit=811%2C514","width":811,"height":514,"caption":"ATELIERS CONTRASTE"},"image":{"@id":"https:\/\/ateliers-contraste.com\/#\/schema\/logo\/image\/"}},{"@type":"Person","@id":"https:\/\/ateliers-contraste.com\/#\/schema\/person\/9740f38a64a9368177c840a984b444b8","name":"JM G","image":{"@type":"ImageObject","inLanguage":"fr-FR","@id":"https:\/\/secure.gravatar.com\/avatar\/45d0c1e7e59e4718d47f7f65e7cfa244c67089f2acedf0ad6a85c7a0aace0aae?s=96&d=mm&r=g","url":"https:\/\/secure.gravatar.com\/avatar\/45d0c1e7e59e4718d47f7f65e7cfa244c67089f2acedf0ad6a85c7a0aace0aae?s=96&d=mm&r=g","contentUrl":"https:\/\/secure.gravatar.com\/avatar\/45d0c1e7e59e4718d47f7f65e7cfa244c67089f2acedf0ad6a85c7a0aace0aae?s=96&d=mm&r=g","caption":"JM G"},"url":"https:\/\/ateliers-contraste.com\/index.php\/author\/jmadmin\/"}]}},"author_meta":{"display_name":"JM G","author_link":"https:\/\/ateliers-contraste.com\/index.php\/author\/jmadmin\/"},"featured_img":null,"jetpack_featured_media_url":"","uagb_featured_image_src":{"full":false,"thumbnail":false,"medium":false,"medium_large":false,"large":false,"1536x1536":false,"2048x2048":false,"post-thumbnail":false},"uagb_author_info":{"display_name":"JM G","author_link":"https:\/\/ateliers-contraste.com\/index.php\/author\/jmadmin\/"},"uagb_comment_info":0,"uagb_excerpt":"AG \/ Conseil d&rsquo;admin \/ repas de l&rsquo;assos \/ Planning des expos \/ Sortie culturelle 2025, on vous dit tout &#8230; N&rsquo;oubliez pas que le calendrier des ateliers est en ligne, ainsi que celui des expositions Bonne fin d&rsquo;ann\u00e9e \u00e0 toutes et tous, prenez du plaisir dans l&rsquo;art&#8230;.!!&#8230; Et surtout transmettez vos \u0153uvres \u00e0 vosLire\u2026","coauthors":[],"tax_additional":{"categories":{"linked":["<a href=\"https:\/\/ateliers-contraste.com\/index.php\/category\/news\/\" class=\"advgb-post-tax-term\">NEWS<\/a>"],"unlinked":["<span class=\"advgb-post-tax-term\">NEWS<\/span>"]}},"comment_count":"0","relative_dates":{"created":"Publi\u00e9 1 an il y a","modified":"Mis \u00e0 jour 1 an il y a"},"absolute_dates":{"created":"Publi\u00e9 le 15\/12\/2024","modified":"Mise \u00e0 jour le 09\/01\/2025"},"absolute_dates_time":{"created":"Publi\u00e9 le 15\/12\/2024 19 h 49 min","modified":"Mise \u00e0 jour le 09\/01\/2025 22 h 44 min"},"featured_img_caption":"","series_order":"","jetpack_sharing_enabled":true,"_links":{"self":[{"href":"https:\/\/ateliers-contraste.com\/index.php\/wp-json\/wp\/v2\/posts\/2162","targetHints":{"allow":["GET"]}}],"collection":[{"href":"https:\/\/ateliers-contraste.com\/index.php\/wp-json\/wp\/v2\/posts"}],"about":[{"href":"https:\/\/ateliers-contraste.com\/index.php\/wp-json\/wp\/v2\/types\/post"}],"author":[{"embeddable":true,"href":"https:\/\/ateliers-contraste.com\/index.php\/wp-json\/wp\/v2\/users\/32"}],"replies":[{"embeddable":true,"href":"https:\/\/ateliers-contraste.com\/index.php\/wp-json\/wp\/v2\/comments?post=2162"}],"version-history":[{"count":6,"href":"https:\/\/ateliers-contraste.com\/index.php\/wp-json\/wp\/v2\/posts\/2162\/revisions"}],"predecessor-version":[{"id":2216,"href":"https:\/\/ateliers-contraste.com\/index.php\/wp-json\/wp\/v2\/posts\/2162\/revisions\/2216"}],"wp:attachment":[{"href":"https:\/\/ateliers-contraste.com\/index.php\/wp-json\/wp\/v2\/media?parent=2162"}],"wp:term":[{"taxonomy":"category","embeddable":true,"href":"https:\/\/ateliers-contraste.com\/index.php\/wp-json\/wp\/v2\/categories?post=2162"},{"taxonomy":"post_tag","embeddable":true,"href":"https:\/\/ateliers-contraste.com\/index.php\/wp-json\/wp\/v2\/tags?post=2162"}],"curies":[{"name":"wp","href":"https:\/\/api.w.org\/{rel}","templated":true}]}}