{"id":2362,"date":"2025-04-02T12:30:00","date_gmt":"2025-04-02T10:30:00","guid":{"rendered":"https:\/\/ateliers-contraste.com\/?p=2362"},"modified":"2025-06-01T11:16:49","modified_gmt":"2025-06-01T09:16:49","slug":"fete-de-lestampe-du-23-au-26-mai-2025","status":"publish","type":"post","link":"https:\/\/ateliers-contraste.com\/index.php\/2025\/04\/02\/fete-de-lestampe-du-23-au-26-mai-2025\/","title":{"rendered":"F\u00eate de l&rsquo;Estampe du 23 au 26 mai 2025"},"content":{"rendered":"\n<div class=\"wp-block-kadence-image kb-image2362_a775ab-34\"><figure class=\"aligncenter size-full\"><img data-recalc-dims=\"1\" loading=\"lazy\" decoding=\"async\" width=\"178\" height=\"158\" src=\"https:\/\/i0.wp.com\/ateliers-contraste.com\/wp-content\/uploads\/2023\/12\/cropped-cropped-logoAteliersContraste2.jpg?resize=178%2C158&#038;ssl=1\" alt=\"\" class=\"kb-img wp-image-1343\"\/><\/figure><\/div>\n\n\n\n<figure class=\"wp-block-embed is-type-video is-provider-youtube wp-block-embed-youtube wp-embed-aspect-16-9 wp-has-aspect-ratio\"><div class=\"wp-block-embed__wrapper\">\n<iframe loading=\"lazy\" title=\"FETE DE L&#039;ESTAMPE RUEIL MALMAISON\" width=\"750\" height=\"422\" src=\"https:\/\/www.youtube.com\/embed\/7RYt5jBhMWM?feature=oembed\" frameborder=\"0\" allow=\"accelerometer; autoplay; clipboard-write; encrypted-media; gyroscope; picture-in-picture; web-share\" referrerpolicy=\"strict-origin-when-cross-origin\" allowfullscreen><\/iframe>\n<\/div><\/figure>\n\n\n\n<p class=\"has-text-align-center\"><strong>Durant quatre jours, retrouvez les animations propos\u00e9es par<\/strong><br><strong> les Ateliers Contraste<\/strong> <strong>\u00e0 Rueil-Malmaison<\/strong><\/p>\n\n\n\n<div class=\"wp-block-columns is-layout-flex wp-container-core-columns-is-layout-28f84493 wp-block-columns-is-layout-flex\">\n<div class=\"wp-block-column is-layout-flow wp-block-column-is-layout-flow\" style=\"flex-basis:50%\">\n<div class=\"wp-block-uagb-image aligncenter uagb-block-bd44892b wp-block-uagb-image--layout-default wp-block-uagb-image--effect-static wp-block-uagb-image--align-center\"><figure class=\"wp-block-uagb-image__figure\"><a class=\"\" href=\"https:\/\/i0.wp.com\/ateliers-contraste.com\/wp-content\/uploads\/2025\/04\/Fete-de-lestampe-V8_bas.png?ssl=1\" target=\"_blank\" rel=\"noreferrer noopener\"><img data-recalc-dims=\"1\" decoding=\"async\" srcset=\"https:\/\/ateliers-contraste.com\/wp-content\/uploads\/2025\/04\/Fete-de-lestampe-V8_bas-724x1024.png ,https:\/\/ateliers-contraste.com\/wp-content\/uploads\/2025\/04\/Fete-de-lestampe-V8_bas.png 780w, https:\/\/ateliers-contraste.com\/wp-content\/uploads\/2025\/04\/Fete-de-lestampe-V8_bas.png 360w\" sizes=\"auto, (max-width: 480px) 150px\" src=\"https:\/\/i0.wp.com\/ateliers-contraste.com\/wp-content\/uploads\/2025\/04\/Fete-de-lestampe-V8_bas.png?resize=724%2C1024&#038;ssl=1\" alt=\"F\u00eate de l'estampe\" class=\"uag-image-2405\" width=\"724\" height=\"1024\" title=\"Fete de l'estampe\" loading=\"lazy\" role=\"img\"\/><\/a><figcaption class=\"uagb-image-caption\">F\u00eate de l&rsquo;estampe<\/figcaption><\/figure><\/div>\n<\/div>\n\n\n\n<div class=\"wp-block-column is-layout-flow wp-block-column-is-layout-flow\" style=\"flex-basis:50%\">\n<p style=\"font-size:20px\"><strong>Les 23,24,25 et 26 mai<\/strong> (14h30 \u00e0 18h30)<br>exposition \u00e0 la <a href=\"#MD\">maison Daubigny<\/a>, <br>49 quai du halage.<br>Ra\u00f9l Villullas<strong>*<\/strong>, invit\u00e9 d\u2019honneur, les artistes d\u2019Atelier Oblik<strong>**<\/strong> et d\u2019Ateliers Contraste<strong>***<\/strong>, pr\u00e9senteront leur travail. <br>Vernissage vendredi &nbsp;23 mai \u00e0 18h00.<\/p>\n\n\n\n<p style=\"font-size:20px\"><strong>Le 24 mai \u00e0 15h00<\/strong><br>conf\u00e9rence \u00e0 la <a href=\"#MAI\">Maison des Arts et de l\u2019Image<\/a>, 3 rue du Prince Eug\u00e8ne sur l\u2019histoire de l\u2019Estampe avec Luc \u00c9mile Bouche-Florin<strong>****<\/strong><\/p>\n\n\n\n<p style=\"font-size:20px\"><strong>Le 24 mai \u00e0 10h00 et 16hOO<\/strong><br>deux d\u00e9monstrations de gravure se tiendront \u00e0 la <a href=\"#MAI\">Maison des Arts et de l\u2019Image<\/a> 3 rue du Prince Eug\u00e8ne<\/p>\n<\/div>\n<\/div>\n\n\n\n<div class=\"wp-block-columns is-layout-flex wp-container-core-columns-is-layout-28f84493 wp-block-columns-is-layout-flex\">\n<div class=\"wp-block-column is-layout-flow wp-block-column-is-layout-flow\">\n<p style=\"font-size:17px\"><strong>*Ra\u00f9l Villulas,<\/strong> Invit\u00e9 d&rsquo;honneur, dipl\u00f4m\u00e9 d\u2019un BAC+5 en Beaux-Art sp\u00e9cialit\u00e9 gravure, \u00e0 Valence, en Espagne. La gravure sur bois est un langage graphique fort et expressif. Elle offre le plaisir d\u2019entrer dans cette mati\u00e8re noble, nous confrontant \u00e0 la difficult\u00e9 de jouer avec ses veines et ses fibres. Graver avec des gouges, en contact direct avec la mati\u00e8re, procure une grande satisfaction.<\/p>\n\n\n\n<p><\/p>\n\n\n\n<p><\/p>\n<\/div>\n\n\n\n<div class=\"wp-block-column is-layout-flow wp-block-column-is-layout-flow\">\n<p style=\"font-size:17px\"><strong>** Atelier OBLIK&nbsp;&nbsp;<\/strong><br>Marko ECHEVERRIA<br>Francisco LEAL<\/p>\n\n\n\n<p style=\"font-size:17px\"><strong>*** Ateliers CONTRASTE&nbsp;<\/strong><br><strong>&nbsp;<\/strong>Fran\u00e7oise BONELLI<br>Albert ELMOSNINO<br>Michel DUMAS<br>Catherine GUY<br>Soraya HOUACINE<br>Elise LAMBERT<br>Jean-Pierre LOURDAIS<br>Tim NASH<br>Marie OLIVIER<\/p>\n<\/div>\n\n\n\n<div class=\"wp-block-column is-layout-flow wp-block-column-is-layout-flow\">\n<p style=\"font-size:17px\"><strong>****<\/strong>&nbsp;<strong>Luc-Emile Bouche-Florin&nbsp;<\/strong>est pr\u00e9sident d&rsquo;honneur de <a href=\"http:\/\/www.ectp-ceu.eu\" target=\"_blank\" rel=\"noreferrer noopener\">l&rsquo;ECTP-CEU<\/a> et repr\u00e9sentant officiel aupr\u00e8s du Conseil de l&rsquo;Europe. Il travaille \u00e9galement en tant qu&rsquo;expert du Conseil de l&rsquo;Europe.<br> Luc-\u00c9mile a enseign\u00e9 pendant sept ans en tant que charg\u00e9 de cours \u00e0 l&rsquo;Institut de l\u2019Urbanisme de l&rsquo;Universit\u00e9 Paris IV Sorbonne (2007-2014).<\/p>\n<\/div>\n<\/div>\n\n\n\n<p style=\"font-size:17px\"> <strong>L&rsquo;estampe en France : un art en pleine effervescence<\/strong><\/p>\n\n\n\n<p style=\"font-size:17px\">L&rsquo;art de l&rsquo;estampe conna\u00eet actuellement un essor remarquable en France, fusionnant habilement traditions s\u00e9culaires et innovations contemporaines.<br>Cette discipline, qui englobe la gravure sur bois, l&rsquo;eau-forte, la pointe s\u00e8che et la lithographie, s\u00e9duit un nombre croissant d&rsquo;artistes, de collectionneurs et d&rsquo;amateurs \u00e9clair\u00e9s, t\u00e9moignant de sa vitalit\u00e9 et de son \u00e9volution constante dans le paysage artistique national.<br>La 13e \u00e9dition de la F\u00eate de l&rsquo;estampe, organis\u00e9e par <a href=\"https:\/\/www.manifestampe.org\" target=\"_blank\" rel=\"noreferrer noopener\">Manifestampe<\/a>, c\u00e9l\u00e8bre<strong> le 26 mai 2025 <\/strong>le <strong>365e anniversaire de l&rsquo;\u00e9dit de Saint-Jean-de-Luz<\/strong>, pierre angulaire de la libert\u00e9 artistique des graveurs en France.<br>Cet \u00e9v\u00e9nement national, devenu incontournable depuis sa cr\u00e9ation en 2013, offre une plateforme unique pour explorer la richesse et la diversit\u00e9 de l&rsquo;estampe. Avec plus de 200 manifestations \u00e0 travers le pays, il attire professionnels, passionn\u00e9s et collectionneurs du monde entier, t\u00e9moignant de l&rsquo;\u00e9panouissement continu de cet art lib\u00e9r\u00e9 des contraintes corporatives depuis 1660.<br>Organis\u00e9e par la f\u00e9d\u00e9ration nationale de l&rsquo;estampe, <a href=\"https:\/\/www.manifestampe.org\" target=\"_blank\" rel=\"noreferrer noopener\">Manifestampe<\/a>, cette 13e \u00e9dition inaugure une nouvelle \u00e8re sous la pr\u00e9sidence de Luc \u00c9mile Bouche-Florin, \u00e9lu en 2025.<br>Cette transition marque un engagement renouvel\u00e9 de la f\u00e9d\u00e9ration \u00e0 consolider son r\u00f4le de catalyseur d&rsquo;\u00e9changes et de transmission du savoir dans le monde de l&rsquo;estampe.<br>Gr\u00e2ce \u00e0 un site web modernis\u00e9, <a href=\"https:\/\/www.manifestampe.org\/fete-de-estampe\/2025\/carte\" target=\"_blank\" rel=\"noreferrer noopener\">une carte interactive des \u00e9v\u00e9nements r\u00e9gionaux <\/a>et le Courrier de l&rsquo;estampe, <a href=\"https:\/\/www.manifestampe.org\" target=\"_blank\" rel=\"noreferrer noopener\">Manifestampe <\/a>ambitionne de propulser cet art mill\u00e9naire vers de nouveaux horizons, touchant un public toujours plus large et diversifi\u00e9.<br><\/p>\n\n\n\n<div class=\"wp-block-columns are-vertically-aligned-top is-layout-flex wp-container-core-columns-is-layout-28f84493 wp-block-columns-is-layout-flex\">\n<div class=\"wp-block-column is-vertically-aligned-top is-layout-flow wp-block-column-is-layout-flow\" style=\"flex-basis:66.66%\">\n<p class=\"has-text-align-right\" id=\"MAI\"><strong>M<\/strong>aison des<strong> A<\/strong>rts et de <strong>I<\/strong>mage <br> 3, Rue du Prince Eug\u00e8ne Rueil-Malmaison<br>(parking sur place)<\/p>\n\n\n\n<p><br><br><br><\/p>\n\n\n\n<p><\/p>\n\n\n\n<p><\/p>\n\n\n\n<p class=\"has-text-align-right\" id=\"MD\"><strong>Maison Daubigny, <\/strong><br>49 quai du halage Rueil-Malmaison<\/p>\n<\/div>\n\n\n\n<div class=\"wp-block-column is-vertically-aligned-top is-layout-flow wp-block-column-is-layout-flow\"><\/div>\n\n\n\n<div class=\"wp-block-column is-vertically-aligned-top is-layout-flow wp-block-column-is-layout-flow\" style=\"flex-basis:33.33%\"><div class=\"kb-google-maps-container kb-google-maps-container2362_ecd27d-de  wp-block-kadence-googlemaps\" data-mapid=\"2362_ecd27dde\"><iframe width=\"100%\" height=\"100%\"\n\t\t\t\t\t\t\tstyle=\"border:0\" loading=\"lazy\"\n\t\t\t\t\t\t\tsrc=\"https:\/\/www.google.com\/maps\/embed\/v1\/place?key=AIzaSyBAM2o7PiQqwk15LC1XRH2e_KJ-jUa7KYk&#038;zoom=15&#038;maptype=roadmap&#038;q=+3%2C+Rue+du+Prince+Eug%C3%A8ne+Rueil+Malmaison\"\n\t\t\t\t\t\t\ttitle=\"Carte Google de  3, Rue du Prince Eug\u00e8ne Rueil Malmaison\"><\/iframe><\/div><script>function kb_google_map2362_ecd27dde() { let center = { lat: 37.8201, lng: -122.4781}; let map = new google.maps.Map(document.getElementById(\"kb-google-map2362_ecd27dde\"), {\n\t\t\t\t\t    zoom: 15,\n\t\t\t\t\t    center: center,});let marker = new google.maps.Marker({   position: { lat: 37.8201, lng: -122.4781},    map: map,  });}<\/script>\n\n<div class=\"kb-google-maps-container kb-google-maps-container2362_6eb3c8-d3  wp-block-kadence-googlemaps\" data-mapid=\"2362_6eb3c8d3\"><iframe width=\"100%\" height=\"100%\"\n\t\t\t\t\t\t\tstyle=\"border:0\" loading=\"lazy\"\n\t\t\t\t\t\t\tsrc=\"https:\/\/www.google.com\/maps\/embed\/v1\/place?key=AIzaSyBAM2o7PiQqwk15LC1XRH2e_KJ-jUa7KYk&#038;zoom=14&#038;maptype=roadmap&#038;q=Maison+Daubigny%2C++49+quai+du+halage+Rueil-Malmaison\"\n\t\t\t\t\t\t\ttitle=\"Carte Google de Maison Daubigny,  49 quai du halage Rueil-Malmaison\"><\/iframe><\/div><script>function kb_google_map2362_6eb3c8d3() { let center = { lat: 37.8201, lng: -122.4781}; let map = new google.maps.Map(document.getElementById(\"kb-google-map2362_6eb3c8d3\"), {\n\t\t\t\t\t    zoom: 14,\n\t\t\t\t\t    center: center,});let marker = new google.maps.Marker({   position: { lat: 37.8201, lng: -122.4781},    map: map,  });}<\/script><\/div>\n<\/div>\n\n\n\n<p class=\"has-text-align-center\"><\/p>\n\n\n\n<p><\/p>\n<style class=\"advgb-styles-renderer\">.kb-image2362_a775ab-34.kb-image-is-ratio-size, .kb-image2362_a775ab-34 .kb-image-is-ratio-size{max-width:99px;width:100%;}.wp-block-kadence-column > .kt-inside-inner-col > .kb-image2362_a775ab-34.kb-image-is-ratio-size, .wp-block-kadence-column > .kt-inside-inner-col > .kb-image2362_a775ab-34 .kb-image-is-ratio-size{align-self:unset;}.kb-image2362_a775ab-34 figure{max-width:99px;}.kb-image2362_a775ab-34 .image-is-svg, .kb-image2362_a775ab-34 .image-is-svg img{width:100%;}.kb-image2362_a775ab-34 .kb-image-has-overlay:after{opacity:0.3;}.kb-google-maps-container2362_ecd27d-de{max-width:200px;height:200px;}.kb-google-maps-container2362_6eb3c8-d3{max-width:200px;height:200px;}<\/style>","protected":false},"excerpt":{"rendered":"<p>Durant quatre jours, retrouvez les animations propos\u00e9es par les Ateliers Contraste \u00e0 Rueil-Malmaison Les 23,24,25 et 26 mai (14h30 \u00e0 18h30)exposition \u00e0 la maison Daubigny, 49 quai du halage.Ra\u00f9l Villullas*, invit\u00e9 d\u2019honneur, les artistes d\u2019Atelier Oblik** et d\u2019Ateliers Contraste***, pr\u00e9senteront leur travail. Vernissage vendredi &nbsp;23 mai \u00e0 18h00. Le 24 mai \u00e0 15h00conf\u00e9rence \u00e0 la<a class=\"more-link\" href=\"https:\/\/ateliers-contraste.com\/index.php\/2025\/04\/02\/fete-de-lestampe-du-23-au-26-mai-2025\/\">Lire la suite <span class=\"screen-reader-text\">\u00ab\u00a0F\u00eate de l&rsquo;Estampe du 23 au 26 mai 2025\u00a0\u00bb<\/span><\/a><\/p>\n","protected":false},"author":32,"featured_media":0,"comment_status":"closed","ping_status":"open","sticky":false,"template":"","format":"standard","meta":{"_coblocks_attr":"","_coblocks_dimensions":"","_coblocks_responsive_height":"","_coblocks_accordion_ie_support":"","_uag_custom_page_level_css":"","advgb_blocks_editor_width":"","advgb_blocks_columns_visual_guide":"","jetpack_post_was_ever_published":false,"_jetpack_newsletter_access":"","_jetpack_dont_email_post_to_subs":false,"_jetpack_newsletter_tier_id":0,"_jetpack_memberships_contains_paywalled_content":false,"_jetpack_memberships_contains_paid_content":false,"footnotes":""},"categories":[1],"tags":[],"class_list":["post-2362","post","type-post","status-publish","format-standard","hentry","category-news","entry"],"yoast_head":"<!-- This site is optimized with the Yoast SEO plugin v27.5 - https:\/\/yoast.com\/product\/yoast-seo-wordpress\/ -->\n<title>F\u00eate de l&#039;Estampe du 23 au 26 mai 2025 - ATELIERS CONTRASTE<\/title>\n<meta name=\"robots\" content=\"index, follow, max-snippet:-1, max-image-preview:large, max-video-preview:-1\" \/>\n<link rel=\"canonical\" href=\"https:\/\/ateliers-contraste.com\/index.php\/2025\/04\/02\/fete-de-lestampe-du-23-au-26-mai-2025\/\" \/>\n<meta property=\"og:locale\" content=\"fr_FR\" \/>\n<meta property=\"og:type\" content=\"article\" \/>\n<meta property=\"og:title\" content=\"F\u00eate de l&#039;Estampe du 23 au 26 mai 2025 - ATELIERS CONTRASTE\" \/>\n<meta property=\"og:description\" content=\"Durant quatre jours, retrouvez les animations propos\u00e9es par les Ateliers Contraste \u00e0 Rueil-Malmaison Les 23,24,25 et 26 mai (14h30 \u00e0 18h30)exposition \u00e0 la maison Daubigny, 49 quai du halage.Ra\u00f9l Villullas*, invit\u00e9 d\u2019honneur, les artistes d\u2019Atelier Oblik** et d\u2019Ateliers Contraste***, pr\u00e9senteront leur travail. Vernissage vendredi &nbsp;23 mai \u00e0 18h00. Le 24 mai \u00e0 15h00conf\u00e9rence \u00e0 laLire la suite &quot;F\u00eate de l&rsquo;Estampe du 23 au 26 mai 2025&quot;\" \/>\n<meta property=\"og:url\" content=\"https:\/\/ateliers-contraste.com\/index.php\/2025\/04\/02\/fete-de-lestampe-du-23-au-26-mai-2025\/\" \/>\n<meta property=\"og:site_name\" content=\"ATELIERS CONTRASTE\" \/>\n<meta property=\"article:published_time\" content=\"2025-04-02T10:30:00+00:00\" \/>\n<meta property=\"article:modified_time\" content=\"2025-06-01T09:16:49+00:00\" \/>\n<meta property=\"og:image\" content=\"https:\/\/ateliers-contraste.com\/wp-content\/uploads\/2023\/12\/cropped-cropped-logoAteliersContraste2.jpg\" \/>\n<meta name=\"author\" content=\"JM G\" \/>\n<meta name=\"twitter:card\" content=\"summary_large_image\" \/>\n<meta name=\"twitter:label1\" content=\"\u00c9crit par\" \/>\n\t<meta name=\"twitter:data1\" content=\"JM G\" \/>\n\t<meta name=\"twitter:label2\" content=\"Dur\u00e9e de lecture estim\u00e9e\" \/>\n\t<meta name=\"twitter:data2\" content=\"4 minutes\" \/>\n<script type=\"application\/ld+json\" class=\"yoast-schema-graph\">{\"@context\":\"https:\\\/\\\/schema.org\",\"@graph\":[{\"@type\":\"Article\",\"@id\":\"https:\\\/\\\/ateliers-contraste.com\\\/index.php\\\/2025\\\/04\\\/02\\\/fete-de-lestampe-du-23-au-26-mai-2025\\\/#article\",\"isPartOf\":{\"@id\":\"https:\\\/\\\/ateliers-contraste.com\\\/index.php\\\/2025\\\/04\\\/02\\\/fete-de-lestampe-du-23-au-26-mai-2025\\\/\"},\"author\":{\"name\":\"JM G\",\"@id\":\"https:\\\/\\\/ateliers-contraste.com\\\/#\\\/schema\\\/person\\\/9740f38a64a9368177c840a984b444b8\"},\"headline\":\"F\u00eate de l&rsquo;Estampe du 23 au 26 mai 2025\",\"datePublished\":\"2025-04-02T10:30:00+00:00\",\"dateModified\":\"2025-06-01T09:16:49+00:00\",\"mainEntityOfPage\":{\"@id\":\"https:\\\/\\\/ateliers-contraste.com\\\/index.php\\\/2025\\\/04\\\/02\\\/fete-de-lestampe-du-23-au-26-mai-2025\\\/\"},\"wordCount\":563,\"publisher\":{\"@id\":\"https:\\\/\\\/ateliers-contraste.com\\\/#organization\"},\"image\":{\"@id\":\"https:\\\/\\\/ateliers-contraste.com\\\/index.php\\\/2025\\\/04\\\/02\\\/fete-de-lestampe-du-23-au-26-mai-2025\\\/#primaryimage\"},\"thumbnailUrl\":\"https:\\\/\\\/ateliers-contraste.com\\\/wp-content\\\/uploads\\\/2023\\\/12\\\/cropped-cropped-logoAteliersContraste2.jpg\",\"articleSection\":[\"NEWS\"],\"inLanguage\":\"fr-FR\"},{\"@type\":\"WebPage\",\"@id\":\"https:\\\/\\\/ateliers-contraste.com\\\/index.php\\\/2025\\\/04\\\/02\\\/fete-de-lestampe-du-23-au-26-mai-2025\\\/\",\"url\":\"https:\\\/\\\/ateliers-contraste.com\\\/index.php\\\/2025\\\/04\\\/02\\\/fete-de-lestampe-du-23-au-26-mai-2025\\\/\",\"name\":\"F\u00eate de l'Estampe du 23 au 26 mai 2025 - ATELIERS CONTRASTE\",\"isPartOf\":{\"@id\":\"https:\\\/\\\/ateliers-contraste.com\\\/#website\"},\"primaryImageOfPage\":{\"@id\":\"https:\\\/\\\/ateliers-contraste.com\\\/index.php\\\/2025\\\/04\\\/02\\\/fete-de-lestampe-du-23-au-26-mai-2025\\\/#primaryimage\"},\"image\":{\"@id\":\"https:\\\/\\\/ateliers-contraste.com\\\/index.php\\\/2025\\\/04\\\/02\\\/fete-de-lestampe-du-23-au-26-mai-2025\\\/#primaryimage\"},\"thumbnailUrl\":\"https:\\\/\\\/ateliers-contraste.com\\\/wp-content\\\/uploads\\\/2023\\\/12\\\/cropped-cropped-logoAteliersContraste2.jpg\",\"datePublished\":\"2025-04-02T10:30:00+00:00\",\"dateModified\":\"2025-06-01T09:16:49+00:00\",\"breadcrumb\":{\"@id\":\"https:\\\/\\\/ateliers-contraste.com\\\/index.php\\\/2025\\\/04\\\/02\\\/fete-de-lestampe-du-23-au-26-mai-2025\\\/#breadcrumb\"},\"inLanguage\":\"fr-FR\",\"potentialAction\":[{\"@type\":\"ReadAction\",\"target\":[\"https:\\\/\\\/ateliers-contraste.com\\\/index.php\\\/2025\\\/04\\\/02\\\/fete-de-lestampe-du-23-au-26-mai-2025\\\/\"]}]},{\"@type\":\"ImageObject\",\"inLanguage\":\"fr-FR\",\"@id\":\"https:\\\/\\\/ateliers-contraste.com\\\/index.php\\\/2025\\\/04\\\/02\\\/fete-de-lestampe-du-23-au-26-mai-2025\\\/#primaryimage\",\"url\":\"https:\\\/\\\/i0.wp.com\\\/ateliers-contraste.com\\\/wp-content\\\/uploads\\\/2023\\\/12\\\/cropped-cropped-logoAteliersContraste2.jpg?fit=178%2C158&ssl=1\",\"contentUrl\":\"https:\\\/\\\/i0.wp.com\\\/ateliers-contraste.com\\\/wp-content\\\/uploads\\\/2023\\\/12\\\/cropped-cropped-logoAteliersContraste2.jpg?fit=178%2C158&ssl=1\",\"width\":178,\"height\":158},{\"@type\":\"BreadcrumbList\",\"@id\":\"https:\\\/\\\/ateliers-contraste.com\\\/index.php\\\/2025\\\/04\\\/02\\\/fete-de-lestampe-du-23-au-26-mai-2025\\\/#breadcrumb\",\"itemListElement\":[{\"@type\":\"ListItem\",\"position\":1,\"name\":\"Accueil\",\"item\":\"https:\\\/\\\/ateliers-contraste.com\\\/\"},{\"@type\":\"ListItem\",\"position\":2,\"name\":\"F\u00eate de l&rsquo;Estampe du 23 au 26 mai 2025\"}]},{\"@type\":\"WebSite\",\"@id\":\"https:\\\/\\\/ateliers-contraste.com\\\/#website\",\"url\":\"https:\\\/\\\/ateliers-contraste.com\\\/\",\"name\":\"ATELIERS CONTRASTE\",\"description\":\"Pratique des Arts Plastiques\",\"publisher\":{\"@id\":\"https:\\\/\\\/ateliers-contraste.com\\\/#organization\"},\"potentialAction\":[{\"@type\":\"SearchAction\",\"target\":{\"@type\":\"EntryPoint\",\"urlTemplate\":\"https:\\\/\\\/ateliers-contraste.com\\\/?s={search_term_string}\"},\"query-input\":{\"@type\":\"PropertyValueSpecification\",\"valueRequired\":true,\"valueName\":\"search_term_string\"}}],\"inLanguage\":\"fr-FR\"},{\"@type\":\"Organization\",\"@id\":\"https:\\\/\\\/ateliers-contraste.com\\\/#organization\",\"name\":\"ATELIERS CONTRASTE\",\"url\":\"https:\\\/\\\/ateliers-contraste.com\\\/\",\"logo\":{\"@type\":\"ImageObject\",\"inLanguage\":\"fr-FR\",\"@id\":\"https:\\\/\\\/ateliers-contraste.com\\\/#\\\/schema\\\/logo\\\/image\\\/\",\"url\":\"https:\\\/\\\/i2.wp.com\\\/ateliers-contraste.com\\\/wp-content\\\/uploads\\\/2020\\\/03\\\/logo-AC.jpg?fit=811%2C514\",\"contentUrl\":\"https:\\\/\\\/i2.wp.com\\\/ateliers-contraste.com\\\/wp-content\\\/uploads\\\/2020\\\/03\\\/logo-AC.jpg?fit=811%2C514\",\"width\":811,\"height\":514,\"caption\":\"ATELIERS CONTRASTE\"},\"image\":{\"@id\":\"https:\\\/\\\/ateliers-contraste.com\\\/#\\\/schema\\\/logo\\\/image\\\/\"}},{\"@type\":\"Person\",\"@id\":\"https:\\\/\\\/ateliers-contraste.com\\\/#\\\/schema\\\/person\\\/9740f38a64a9368177c840a984b444b8\",\"name\":\"JM G\",\"image\":{\"@type\":\"ImageObject\",\"inLanguage\":\"fr-FR\",\"@id\":\"https:\\\/\\\/secure.gravatar.com\\\/avatar\\\/45d0c1e7e59e4718d47f7f65e7cfa244c67089f2acedf0ad6a85c7a0aace0aae?s=96&d=mm&r=g\",\"url\":\"https:\\\/\\\/secure.gravatar.com\\\/avatar\\\/45d0c1e7e59e4718d47f7f65e7cfa244c67089f2acedf0ad6a85c7a0aace0aae?s=96&d=mm&r=g\",\"contentUrl\":\"https:\\\/\\\/secure.gravatar.com\\\/avatar\\\/45d0c1e7e59e4718d47f7f65e7cfa244c67089f2acedf0ad6a85c7a0aace0aae?s=96&d=mm&r=g\",\"caption\":\"JM G\"},\"url\":\"https:\\\/\\\/ateliers-contraste.com\\\/index.php\\\/author\\\/jmadmin\\\/\"}]}<\/script>\n<!-- \/ Yoast SEO plugin. -->","yoast_head_json":{"title":"F\u00eate de l'Estampe du 23 au 26 mai 2025 - ATELIERS CONTRASTE","robots":{"index":"index","follow":"follow","max-snippet":"max-snippet:-1","max-image-preview":"max-image-preview:large","max-video-preview":"max-video-preview:-1"},"canonical":"https:\/\/ateliers-contraste.com\/index.php\/2025\/04\/02\/fete-de-lestampe-du-23-au-26-mai-2025\/","og_locale":"fr_FR","og_type":"article","og_title":"F\u00eate de l'Estampe du 23 au 26 mai 2025 - ATELIERS CONTRASTE","og_description":"Durant quatre jours, retrouvez les animations propos\u00e9es par les Ateliers Contraste \u00e0 Rueil-Malmaison Les 23,24,25 et 26 mai (14h30 \u00e0 18h30)exposition \u00e0 la maison Daubigny, 49 quai du halage.Ra\u00f9l Villullas*, invit\u00e9 d\u2019honneur, les artistes d\u2019Atelier Oblik** et d\u2019Ateliers Contraste***, pr\u00e9senteront leur travail. Vernissage vendredi &nbsp;23 mai \u00e0 18h00. Le 24 mai \u00e0 15h00conf\u00e9rence \u00e0 laLire la suite \"F\u00eate de l&rsquo;Estampe du 23 au 26 mai 2025\"","og_url":"https:\/\/ateliers-contraste.com\/index.php\/2025\/04\/02\/fete-de-lestampe-du-23-au-26-mai-2025\/","og_site_name":"ATELIERS CONTRASTE","article_published_time":"2025-04-02T10:30:00+00:00","article_modified_time":"2025-06-01T09:16:49+00:00","og_image":[{"url":"https:\/\/ateliers-contraste.com\/wp-content\/uploads\/2023\/12\/cropped-cropped-logoAteliersContraste2.jpg","type":"","width":"","height":""}],"author":"JM G","twitter_card":"summary_large_image","twitter_misc":{"\u00c9crit par":"JM G","Dur\u00e9e de lecture estim\u00e9e":"4 minutes"},"schema":{"@context":"https:\/\/schema.org","@graph":[{"@type":"Article","@id":"https:\/\/ateliers-contraste.com\/index.php\/2025\/04\/02\/fete-de-lestampe-du-23-au-26-mai-2025\/#article","isPartOf":{"@id":"https:\/\/ateliers-contraste.com\/index.php\/2025\/04\/02\/fete-de-lestampe-du-23-au-26-mai-2025\/"},"author":{"name":"JM G","@id":"https:\/\/ateliers-contraste.com\/#\/schema\/person\/9740f38a64a9368177c840a984b444b8"},"headline":"F\u00eate de l&rsquo;Estampe du 23 au 26 mai 2025","datePublished":"2025-04-02T10:30:00+00:00","dateModified":"2025-06-01T09:16:49+00:00","mainEntityOfPage":{"@id":"https:\/\/ateliers-contraste.com\/index.php\/2025\/04\/02\/fete-de-lestampe-du-23-au-26-mai-2025\/"},"wordCount":563,"publisher":{"@id":"https:\/\/ateliers-contraste.com\/#organization"},"image":{"@id":"https:\/\/ateliers-contraste.com\/index.php\/2025\/04\/02\/fete-de-lestampe-du-23-au-26-mai-2025\/#primaryimage"},"thumbnailUrl":"https:\/\/ateliers-contraste.com\/wp-content\/uploads\/2023\/12\/cropped-cropped-logoAteliersContraste2.jpg","articleSection":["NEWS"],"inLanguage":"fr-FR"},{"@type":"WebPage","@id":"https:\/\/ateliers-contraste.com\/index.php\/2025\/04\/02\/fete-de-lestampe-du-23-au-26-mai-2025\/","url":"https:\/\/ateliers-contraste.com\/index.php\/2025\/04\/02\/fete-de-lestampe-du-23-au-26-mai-2025\/","name":"F\u00eate de l'Estampe du 23 au 26 mai 2025 - ATELIERS CONTRASTE","isPartOf":{"@id":"https:\/\/ateliers-contraste.com\/#website"},"primaryImageOfPage":{"@id":"https:\/\/ateliers-contraste.com\/index.php\/2025\/04\/02\/fete-de-lestampe-du-23-au-26-mai-2025\/#primaryimage"},"image":{"@id":"https:\/\/ateliers-contraste.com\/index.php\/2025\/04\/02\/fete-de-lestampe-du-23-au-26-mai-2025\/#primaryimage"},"thumbnailUrl":"https:\/\/ateliers-contraste.com\/wp-content\/uploads\/2023\/12\/cropped-cropped-logoAteliersContraste2.jpg","datePublished":"2025-04-02T10:30:00+00:00","dateModified":"2025-06-01T09:16:49+00:00","breadcrumb":{"@id":"https:\/\/ateliers-contraste.com\/index.php\/2025\/04\/02\/fete-de-lestampe-du-23-au-26-mai-2025\/#breadcrumb"},"inLanguage":"fr-FR","potentialAction":[{"@type":"ReadAction","target":["https:\/\/ateliers-contraste.com\/index.php\/2025\/04\/02\/fete-de-lestampe-du-23-au-26-mai-2025\/"]}]},{"@type":"ImageObject","inLanguage":"fr-FR","@id":"https:\/\/ateliers-contraste.com\/index.php\/2025\/04\/02\/fete-de-lestampe-du-23-au-26-mai-2025\/#primaryimage","url":"https:\/\/i0.wp.com\/ateliers-contraste.com\/wp-content\/uploads\/2023\/12\/cropped-cropped-logoAteliersContraste2.jpg?fit=178%2C158&ssl=1","contentUrl":"https:\/\/i0.wp.com\/ateliers-contraste.com\/wp-content\/uploads\/2023\/12\/cropped-cropped-logoAteliersContraste2.jpg?fit=178%2C158&ssl=1","width":178,"height":158},{"@type":"BreadcrumbList","@id":"https:\/\/ateliers-contraste.com\/index.php\/2025\/04\/02\/fete-de-lestampe-du-23-au-26-mai-2025\/#breadcrumb","itemListElement":[{"@type":"ListItem","position":1,"name":"Accueil","item":"https:\/\/ateliers-contraste.com\/"},{"@type":"ListItem","position":2,"name":"F\u00eate de l&rsquo;Estampe du 23 au 26 mai 2025"}]},{"@type":"WebSite","@id":"https:\/\/ateliers-contraste.com\/#website","url":"https:\/\/ateliers-contraste.com\/","name":"ATELIERS CONTRASTE","description":"Pratique des Arts Plastiques","publisher":{"@id":"https:\/\/ateliers-contraste.com\/#organization"},"potentialAction":[{"@type":"SearchAction","target":{"@type":"EntryPoint","urlTemplate":"https:\/\/ateliers-contraste.com\/?s={search_term_string}"},"query-input":{"@type":"PropertyValueSpecification","valueRequired":true,"valueName":"search_term_string"}}],"inLanguage":"fr-FR"},{"@type":"Organization","@id":"https:\/\/ateliers-contraste.com\/#organization","name":"ATELIERS CONTRASTE","url":"https:\/\/ateliers-contraste.com\/","logo":{"@type":"ImageObject","inLanguage":"fr-FR","@id":"https:\/\/ateliers-contraste.com\/#\/schema\/logo\/image\/","url":"https:\/\/i2.wp.com\/ateliers-contraste.com\/wp-content\/uploads\/2020\/03\/logo-AC.jpg?fit=811%2C514","contentUrl":"https:\/\/i2.wp.com\/ateliers-contraste.com\/wp-content\/uploads\/2020\/03\/logo-AC.jpg?fit=811%2C514","width":811,"height":514,"caption":"ATELIERS CONTRASTE"},"image":{"@id":"https:\/\/ateliers-contraste.com\/#\/schema\/logo\/image\/"}},{"@type":"Person","@id":"https:\/\/ateliers-contraste.com\/#\/schema\/person\/9740f38a64a9368177c840a984b444b8","name":"JM G","image":{"@type":"ImageObject","inLanguage":"fr-FR","@id":"https:\/\/secure.gravatar.com\/avatar\/45d0c1e7e59e4718d47f7f65e7cfa244c67089f2acedf0ad6a85c7a0aace0aae?s=96&d=mm&r=g","url":"https:\/\/secure.gravatar.com\/avatar\/45d0c1e7e59e4718d47f7f65e7cfa244c67089f2acedf0ad6a85c7a0aace0aae?s=96&d=mm&r=g","contentUrl":"https:\/\/secure.gravatar.com\/avatar\/45d0c1e7e59e4718d47f7f65e7cfa244c67089f2acedf0ad6a85c7a0aace0aae?s=96&d=mm&r=g","caption":"JM G"},"url":"https:\/\/ateliers-contraste.com\/index.php\/author\/jmadmin\/"}]}},"author_meta":{"display_name":"JM G","author_link":"https:\/\/ateliers-contraste.com\/index.php\/author\/jmadmin\/"},"featured_img":null,"jetpack_featured_media_url":"","uagb_featured_image_src":{"full":false,"thumbnail":false,"medium":false,"medium_large":false,"large":false,"1536x1536":false,"2048x2048":false,"post-thumbnail":false},"uagb_author_info":{"display_name":"JM G","author_link":"https:\/\/ateliers-contraste.com\/index.php\/author\/jmadmin\/"},"uagb_comment_info":0,"uagb_excerpt":"Durant quatre jours, retrouvez les animations propos\u00e9es par les Ateliers Contraste \u00e0 Rueil-Malmaison Les 23,24,25 et 26 mai (14h30 \u00e0 18h30)exposition \u00e0 la maison Daubigny, 49 quai du halage.Ra\u00f9l Villullas*, invit\u00e9 d\u2019honneur, les artistes d\u2019Atelier Oblik** et d\u2019Ateliers Contraste***, pr\u00e9senteront leur travail. Vernissage vendredi &nbsp;23 mai \u00e0 18h00. Le 24 mai \u00e0 15h00conf\u00e9rence \u00e0 laLire\u2026","coauthors":[],"tax_additional":{"categories":{"linked":["<a href=\"https:\/\/ateliers-contraste.com\/index.php\/category\/news\/\" class=\"advgb-post-tax-term\">NEWS<\/a>"],"unlinked":["<span class=\"advgb-post-tax-term\">NEWS<\/span>"]}},"comment_count":"0","relative_dates":{"created":"Publi\u00e9 1 an il y a","modified":"Mis \u00e0 jour 11 mois il y a"},"absolute_dates":{"created":"Publi\u00e9 le 02\/04\/2025","modified":"Mise \u00e0 jour le 01\/06\/2025"},"absolute_dates_time":{"created":"Publi\u00e9 le 02\/04\/2025 12 h 30 min","modified":"Mise \u00e0 jour le 01\/06\/2025 11 h 16 min"},"featured_img_caption":"","series_order":"","jetpack_sharing_enabled":true,"_links":{"self":[{"href":"https:\/\/ateliers-contraste.com\/index.php\/wp-json\/wp\/v2\/posts\/2362","targetHints":{"allow":["GET"]}}],"collection":[{"href":"https:\/\/ateliers-contraste.com\/index.php\/wp-json\/wp\/v2\/posts"}],"about":[{"href":"https:\/\/ateliers-contraste.com\/index.php\/wp-json\/wp\/v2\/types\/post"}],"author":[{"embeddable":true,"href":"https:\/\/ateliers-contraste.com\/index.php\/wp-json\/wp\/v2\/users\/32"}],"replies":[{"embeddable":true,"href":"https:\/\/ateliers-contraste.com\/index.php\/wp-json\/wp\/v2\/comments?post=2362"}],"version-history":[{"count":16,"href":"https:\/\/ateliers-contraste.com\/index.php\/wp-json\/wp\/v2\/posts\/2362\/revisions"}],"predecessor-version":[{"id":2497,"href":"https:\/\/ateliers-contraste.com\/index.php\/wp-json\/wp\/v2\/posts\/2362\/revisions\/2497"}],"wp:attachment":[{"href":"https:\/\/ateliers-contraste.com\/index.php\/wp-json\/wp\/v2\/media?parent=2362"}],"wp:term":[{"taxonomy":"category","embeddable":true,"href":"https:\/\/ateliers-contraste.com\/index.php\/wp-json\/wp\/v2\/categories?post=2362"},{"taxonomy":"post_tag","embeddable":true,"href":"https:\/\/ateliers-contraste.com\/index.php\/wp-json\/wp\/v2\/tags?post=2362"}],"curies":[{"name":"wp","href":"https:\/\/api.w.org\/{rel}","templated":true}]}}