{"id":2396,"date":"2025-04-14T20:24:34","date_gmt":"2025-04-14T18:24:34","guid":{"rendered":"https:\/\/ateliers-contraste.com\/?p=2396"},"modified":"2025-04-14T20:24:37","modified_gmt":"2025-04-14T18:24:37","slug":"bonne-vacances-de-printemps","status":"publish","type":"post","link":"https:\/\/ateliers-contraste.com\/index.php\/2025\/04\/14\/bonne-vacances-de-printemps\/","title":{"rendered":"Bonne vacances de printemps"},"content":{"rendered":"\n<div class=\"wp-block-kadence-image kb-image2396_63fddb-06\"><figure class=\"aligncenter size-full\"><img data-recalc-dims=\"1\" loading=\"lazy\" decoding=\"async\" width=\"178\" height=\"158\" src=\"https:\/\/i0.wp.com\/ateliers-contraste.com\/wp-content\/uploads\/2023\/12\/cropped-cropped-logoAteliersContraste2.jpg?resize=178%2C158&#038;ssl=1\" alt=\"\" class=\"kb-img wp-image-1343\"\/><\/figure><\/div>\n\n\n\n<p class=\"has-text-align-center\">Le printemps est l\u00e0, et vous apporte des nouvelles de nos ateliers<\/p>\n\n\n\n<div class=\"wp-block-columns is-layout-flex wp-container-core-columns-is-layout-28f84493 wp-block-columns-is-layout-flex\">\n<div class=\"wp-block-column is-layout-flow wp-block-column-is-layout-flow\" style=\"flex-basis:70%\">\n<div class=\"wp-block-kadence-iconlist kt-svg-icon-list-items kt-svg-icon-list-items2396_aa8191-a1 kt-svg-icon-list-columns-1 alignnone kt-list-icon-aligntop\"><ul class=\"kt-svg-icon-list\">\n<li class=\"wp-block-kadence-listitem kt-svg-icon-list-item-wrap kt-svg-icon-list-item-2396_2fa10c-1e kt-svg-icon-list-style-stacked\"><span class=\"kb-svg-icon-wrap kb-svg-icon-fe_checkCircle kt-svg-icon-list-single\"><svg viewBox=\"0 0 24 24\"  fill=\"none\" stroke=\"currentColor\" stroke-width=\"1.5\" stroke-linecap=\"round\" stroke-linejoin=\"round\" xmlns=\"http:\/\/www.w3.org\/2000\/svg\"  aria-hidden=\"true\"><path d=\"M22 11.08V12a10 10 0 1 1-5.93-9.14\"\/><polyline points=\"22 4 12 14.01 9 11.01\"\/><\/svg><\/span><span class=\"kt-svg-icon-list-text\">Le <strong>concours de dessin Manga<\/strong> 2025 est ouvert. Envoyez vos dessins jusqu&rsquo;au 13 mai.  <br>Toutes les infos ici ==&gt; <a href=\"https:\/\/ateliers-contraste.com\/wp-content\/uploads\/2025\/01\/REGLEMENT-CONCOURS-MANGA-2025.pdf\" target=\"_blank\" rel=\"noreferrer noopener\">r\u00e8glement<\/a>.<\/span><\/li>\n\n\n\n<li class=\"wp-block-kadence-listitem kt-svg-icon-list-item-wrap kt-svg-icon-list-item-2396_0e6ba5-d7\"><span class=\"kb-svg-icon-wrap kb-svg-icon-fe_checkCircle kt-svg-icon-list-single\"><svg viewBox=\"0 0 24 24\"  fill=\"none\" stroke=\"currentColor\" stroke-width=\"1.5\" stroke-linecap=\"round\" stroke-linejoin=\"round\" xmlns=\"http:\/\/www.w3.org\/2000\/svg\"  aria-hidden=\"true\"><path d=\"M22 11.08V12a10 10 0 1 1-5.93-9.14\"\/><polyline points=\"22 4 12 14.01 9 11.01\"\/><\/svg><\/span><span class=\"kt-svg-icon-list-text\">Quelques activit\u00e9s artistiques \u00e0 venir sous l&rsquo;\u00e9gide de l&rsquo;office du tourisme de Rueil-Malmaison, anim\u00e9es par Fran\u00e7oise Bonelli<\/span><\/li>\n\n\n\n<li class=\"wp-block-kadence-listitem kt-svg-icon-list-item-wrap kt-svg-icon-list-item-2396_c55860-3c kt-svg-icon-list-level-1\"><span class=\"kb-svg-icon-wrap kb-svg-icon-fe_checkCircle kt-svg-icon-list-single\"><svg viewBox=\"0 0 24 24\"  fill=\"none\" stroke=\"currentColor\" stroke-width=\"1.5\" stroke-linecap=\"round\" stroke-linejoin=\"round\" xmlns=\"http:\/\/www.w3.org\/2000\/svg\"  aria-hidden=\"true\"><path d=\"M22 11.08V12a10 10 0 1 1-5.93-9.14\"\/><polyline points=\"22 4 12 14.01 9 11.01\"\/><\/svg><\/span><span class=\"kt-svg-icon-list-text\">Le mercredi 30 avril \u00e0 14h30 <a href=\"https:\/\/www.rueil-tourisme.com\/fete-manifestation\/atelier-de-peinture-impressionniste\/\" target=\"_blank\" rel=\"noreferrer noopener\">atelier de peinture impressionniste <\/a> sur les bords de Seine (maison Giquel)<\/span><\/li>\n\n\n\n<li class=\"wp-block-kadence-listitem kt-svg-icon-list-item-wrap kt-svg-icon-list-item-2396_d1095c-a5 kt-svg-icon-list-level-1\"><span class=\"kb-svg-icon-wrap kb-svg-icon-fe_checkCircle kt-svg-icon-list-single\"><svg viewBox=\"0 0 24 24\"  fill=\"none\" stroke=\"currentColor\" stroke-width=\"1.5\" stroke-linecap=\"round\" stroke-linejoin=\"round\" xmlns=\"http:\/\/www.w3.org\/2000\/svg\"  aria-hidden=\"true\"><path d=\"M22 11.08V12a10 10 0 1 1-5.93-9.14\"\/><polyline points=\"22 4 12 14.01 9 11.01\"\/><\/svg><\/span><span class=\"kt-svg-icon-list-text\"><a href=\"https:\/\/www.rueil-tourisme.com\/fete-manifestation\/visite-de-lexposition-reves-de-japon-et-atelier-creation-destampe\/\" target=\"_blank\" rel=\"noreferrer noopener\">Atelier estampe<\/a> \u00e0 19h le vendredi 25 avril&nbsp;dans le cadre de l&rsquo;exposition \u00a0\u00bb R\u00eaves de Japon, de l\u2019estampe au manga\u00a0\u00bb \u00e0 l\u2019Atelier Grognard<\/span><\/li>\n\n\n\n<li class=\"wp-block-kadence-listitem kt-svg-icon-list-item-wrap kt-svg-icon-list-item-2396_64d75d-a4 kt-svg-icon-list-level-1\"><span class=\"kb-svg-icon-wrap kb-svg-icon-fe_checkCircle kt-svg-icon-list-single\"><svg viewBox=\"0 0 24 24\"  fill=\"none\" stroke=\"currentColor\" stroke-width=\"1.5\" stroke-linecap=\"round\" stroke-linejoin=\"round\" xmlns=\"http:\/\/www.w3.org\/2000\/svg\"  aria-hidden=\"true\"><path d=\"M22 11.08V12a10 10 0 1 1-5.93-9.14\"\/><polyline points=\"22 4 12 14.01 9 11.01\"\/><\/svg><\/span><span class=\"kt-svg-icon-list-text\"><a href=\"https:\/\/www.rueil-tourisme.com\/fete-manifestation\/visite-de-lexposition-reves-de-japon-et-atelier-manga\/\" target=\"_blank\" rel=\"noreferrer noopener\">Atelier manga<\/a> pour les enfants le samedi 17 mai \u00e0 11h, dans le cadre de l&rsquo;exposition \u00a0\u00bb R\u00eaves de Japon, de l\u2019estampe au manga\u00a0\u00bb \u00e0 l\u2019Atelier Grognard<\/span><\/li>\n\n\n\n<li class=\"wp-block-kadence-listitem kt-svg-icon-list-item-wrap kt-svg-icon-list-item-2396_9dc1ee-8c\"><span class=\"kb-svg-icon-wrap kb-svg-icon-fe_checkCircle kt-svg-icon-list-single\"><svg viewBox=\"0 0 24 24\"  fill=\"none\" stroke=\"currentColor\" stroke-width=\"1.5\" stroke-linecap=\"round\" stroke-linejoin=\"round\" xmlns=\"http:\/\/www.w3.org\/2000\/svg\"  aria-hidden=\"true\"><path d=\"M22 11.08V12a10 10 0 1 1-5.93-9.14\"\/><polyline points=\"22 4 12 14.01 9 11.01\"\/><\/svg><\/span><span class=\"kt-svg-icon-list-text\"><strong>Nos adh\u00e9rents ont du talent :<\/strong><\/span><\/li>\n\n\n\n<li class=\"wp-block-kadence-listitem kt-svg-icon-list-item-wrap kt-svg-icon-list-item-2396_3d5e9f-48 kt-svg-icon-list-level-1\"><span class=\"kb-svg-icon-wrap kb-svg-icon-fe_checkCircle kt-svg-icon-list-single\"><svg viewBox=\"0 0 24 24\"  fill=\"none\" stroke=\"currentColor\" stroke-width=\"1.5\" stroke-linecap=\"round\" stroke-linejoin=\"round\" xmlns=\"http:\/\/www.w3.org\/2000\/svg\"  aria-hidden=\"true\"><path d=\"M22 11.08V12a10 10 0 1 1-5.93-9.14\"\/><polyline points=\"22 4 12 14.01 9 11.01\"\/><\/svg><\/span><span class=\"kt-svg-icon-list-text\">Profitez d&rsquo;une balade sur les bords de Seine pour d\u00e9couvrir les expositions \u00e0 la maison Daubigny. Elles vont d\u00e9buter le 1er mai et s&rsquo;enchainer jusqu&rsquo;au 15 juin.<br>Surveillez le <a href=\"https:\/\/ateliers-contraste.com\/index.php\/expositions\/\" target=\"_blank\" rel=\"noreferrer noopener\">calendrier des expositions<\/a> et nos affiches chez les commer\u00e7ants du centre ville et sur l&rsquo;affichage municipal<\/span><\/li>\n\n\n\n<li class=\"wp-block-kadence-listitem kt-svg-icon-list-item-wrap kt-svg-icon-list-item-2396_b1d0d7-8a kt-svg-icon-list-level-1\"><span class=\"kb-svg-icon-wrap kb-svg-icon-fe_checkCircle kt-svg-icon-list-single\"><svg viewBox=\"0 0 24 24\"  fill=\"none\" stroke=\"currentColor\" stroke-width=\"1.5\" stroke-linecap=\"round\" stroke-linejoin=\"round\" xmlns=\"http:\/\/www.w3.org\/2000\/svg\"  aria-hidden=\"true\"><path d=\"M22 11.08V12a10 10 0 1 1-5.93-9.14\"\/><polyline points=\"22 4 12 14.01 9 11.01\"\/><\/svg><\/span><span class=\"kt-svg-icon-list-text\">Du 23 au 26 mai, Ateliers Contraste participe \u00e0 la <strong>FETE DE L&rsquo;ESTAMPE<\/strong>, manifestation nationale sous l&rsquo;\u00e9gide de MANIFESTAMPE, et propose trois rendez vous : Expo, d\u00e9monstration, conf\u00e9rence. Retrouvez tout le <a href=\"https:\/\/ateliers-contraste.com\/index.php\/2025\/04\/02\/fete-de-lestampe-du-23-au-26-mai-2025\/\" target=\"_blank\" rel=\"noreferrer noopener\"><strong>programme <\/strong><\/a>dans les news.<\/span><\/li>\n\n\n\n<li class=\"wp-block-kadence-listitem kt-svg-icon-list-item-wrap kt-svg-icon-list-item-2396_dd857a-94\"><span class=\"kb-svg-icon-wrap kb-svg-icon-fe_checkCircle kt-svg-icon-list-single\"><svg viewBox=\"0 0 24 24\"  fill=\"none\" stroke=\"currentColor\" stroke-width=\"1.5\" stroke-linecap=\"round\" stroke-linejoin=\"round\" xmlns=\"http:\/\/www.w3.org\/2000\/svg\"  aria-hidden=\"true\"><path d=\"M22 11.08V12a10 10 0 1 1-5.93-9.14\"\/><polyline points=\"22 4 12 14.01 9 11.01\"\/><\/svg><\/span><span class=\"kt-svg-icon-list-text\">Adh\u00e9rents, il reste encore quelques places pour la sortie du <strong>mercredi&nbsp;21 mai 2025<\/strong>  culturelle de l&rsquo;asso, \u00e0 <a href=\"https:\/\/mbarouen.fr\/fr\/le-musee-des-beaux-arts\" target=\"_blank\" rel=\"noreferrer noopener\">ROUEN<\/a>, ville d&rsquo;art et d&rsquo;histoire. <br>Le <a href=\"https:\/\/ateliers-contraste.com\/wp-content\/uploads\/2025\/02\/Programme-Rouen.pdf\">programme <\/a>est super, culturel, artistique et convivial,  <strong><a href=\"https:\/\/ateliers-contraste.com\/wp-content\/uploads\/2025\/02\/Programme-Rouen.pdf\" target=\"_blank\" rel=\"noreferrer noopener\">Inscrivez<\/a><\/strong>-vous vite. <\/span><\/li>\n<\/ul><\/div>\n<\/div>\n\n\n\n<div class=\"wp-block-column is-layout-flow wp-block-column-is-layout-flow\" style=\"flex-basis:50%\">\n<figure class=\"wp-block-kadence-image kb-image2396_954df0-7a size-medium\"><a href=\"https:\/\/i0.wp.com\/ateliers-contraste.com\/wp-content\/uploads\/2025\/02\/2025-01-25-Flyer-Concours-Manga-3QR.jpg?ssl=1\" class=\"kb-advanced-image-link\" target=\"_blank\" rel=\"noopener noreferrer\"><img data-recalc-dims=\"1\" loading=\"lazy\" decoding=\"async\" width=\"225\" height=\"300\" src=\"https:\/\/i0.wp.com\/ateliers-contraste.com\/wp-content\/uploads\/2025\/02\/2025-01-25-Flyer-Concours-Manga-3QR.jpg?resize=225%2C300&#038;ssl=1\" alt=\"\" class=\"kb-img wp-image-2278\" srcset=\"https:\/\/i0.wp.com\/ateliers-contraste.com\/wp-content\/uploads\/2025\/02\/2025-01-25-Flyer-Concours-Manga-3QR.jpg?resize=225%2C300&amp;ssl=1 225w, https:\/\/i0.wp.com\/ateliers-contraste.com\/wp-content\/uploads\/2025\/02\/2025-01-25-Flyer-Concours-Manga-3QR.jpg?w=720&amp;ssl=1 720w\" sizes=\"auto, (max-width: 225px) 100vw, 225px\" \/><\/a><figcaption>Concours MANGA 2025<\/figcaption><\/figure>\n\n\n\n<p><\/p>\n\n\n\n<figure class=\"wp-block-image size-large is-resized\"><a href=\"https:\/\/i0.wp.com\/ateliers-contraste.com\/wp-content\/uploads\/2025\/04\/Expositions-mai-2025-v4_bas.png?ssl=1\" target=\"_blank\" rel=\" noreferrer noopener\"><img data-recalc-dims=\"1\" loading=\"lazy\" decoding=\"async\" width=\"724\" height=\"1024\" src=\"https:\/\/i0.wp.com\/ateliers-contraste.com\/wp-content\/uploads\/2025\/04\/Expositions-mai-2025-v4_bas.png?resize=724%2C1024&#038;ssl=1\" alt=\"Expositions mai 2025\" class=\"wp-image-2378\" style=\"width:227px;height:auto\" srcset=\"https:\/\/i0.wp.com\/ateliers-contraste.com\/wp-content\/uploads\/2025\/04\/Expositions-mai-2025-v4_bas.png?resize=724%2C1024&amp;ssl=1 724w, https:\/\/i0.wp.com\/ateliers-contraste.com\/wp-content\/uploads\/2025\/04\/Expositions-mai-2025-v4_bas.png?resize=212%2C300&amp;ssl=1 212w, https:\/\/i0.wp.com\/ateliers-contraste.com\/wp-content\/uploads\/2025\/04\/Expositions-mai-2025-v4_bas.png?resize=768%2C1086&amp;ssl=1 768w, https:\/\/i0.wp.com\/ateliers-contraste.com\/wp-content\/uploads\/2025\/04\/Expositions-mai-2025-v4_bas.png?w=794&amp;ssl=1 794w\" sizes=\"auto, (max-width: 724px) 100vw, 724px\" \/><\/a><figcaption class=\"wp-element-caption\">Expositions mai 2025<\/figcaption><\/figure>\n\n\n\n<figure class=\"wp-block-image size-full is-resized\"><a href=\"https:\/\/i0.wp.com\/ateliers-contraste.com\/wp-content\/uploads\/2025\/04\/Expositions-juin-2025-v3_bas.png?ssl=1\" target=\"_blank\" rel=\" noreferrer noopener\"><img data-recalc-dims=\"1\" loading=\"lazy\" decoding=\"async\" width=\"635\" height=\"898\" src=\"https:\/\/i0.wp.com\/ateliers-contraste.com\/wp-content\/uploads\/2025\/04\/Expositions-juin-2025-v3_bas.png?resize=635%2C898&#038;ssl=1\" alt=\"\" class=\"wp-image-2399\" style=\"width:228px;height:auto\" srcset=\"https:\/\/i0.wp.com\/ateliers-contraste.com\/wp-content\/uploads\/2025\/04\/Expositions-juin-2025-v3_bas.png?w=635&amp;ssl=1 635w, https:\/\/i0.wp.com\/ateliers-contraste.com\/wp-content\/uploads\/2025\/04\/Expositions-juin-2025-v3_bas.png?resize=212%2C300&amp;ssl=1 212w\" sizes=\"auto, (max-width: 635px) 100vw, 635px\" \/><\/a><\/figure>\n\n\n\n<figure class=\"wp-block-image size-large is-resized\"><a href=\"https:\/\/i0.wp.com\/ateliers-contraste.com\/wp-content\/uploads\/2025\/04\/Fete-de-lestampe-V8_bas.png?ssl=1\" target=\"_blank\" rel=\" noreferrer noopener\"><img data-recalc-dims=\"1\" loading=\"lazy\" decoding=\"async\" width=\"724\" height=\"1024\" src=\"https:\/\/i0.wp.com\/ateliers-contraste.com\/wp-content\/uploads\/2025\/04\/Fete-de-lestampe-V8_bas.png?resize=724%2C1024&#038;ssl=1\" alt=\"F\u00eate de l'estampe\" class=\"wp-image-2405\" style=\"width:230px;height:auto\" srcset=\"https:\/\/i0.wp.com\/ateliers-contraste.com\/wp-content\/uploads\/2025\/04\/Fete-de-lestampe-V8_bas.png?resize=724%2C1024&amp;ssl=1 724w, https:\/\/i0.wp.com\/ateliers-contraste.com\/wp-content\/uploads\/2025\/04\/Fete-de-lestampe-V8_bas.png?resize=212%2C300&amp;ssl=1 212w, https:\/\/i0.wp.com\/ateliers-contraste.com\/wp-content\/uploads\/2025\/04\/Fete-de-lestampe-V8_bas.png?resize=768%2C1086&amp;ssl=1 768w, https:\/\/i0.wp.com\/ateliers-contraste.com\/wp-content\/uploads\/2025\/04\/Fete-de-lestampe-V8_bas.png?w=794&amp;ssl=1 794w\" sizes=\"auto, (max-width: 724px) 100vw, 724px\" \/><\/a><figcaption class=\"wp-element-caption\">F\u00eate de l&rsquo;estampe<\/figcaption><\/figure>\n<\/div>\n<\/div>\n\n\n\n<p class=\"has-text-align-center\">Bonnes vacances de printemps, <br>n&rsquo;oubliez pas que le <a href=\"https:\/\/ateliers-contraste.com\/index.php\/calendrier\/\" target=\"_blank\" rel=\"noreferrer noopener\"><strong>calendrier<\/strong> <\/a>des ateliers est en ligne, <br>ainsi que la<strong> <a href=\"https:\/\/ateliers-contraste.com\/index.php\/galerie-des-artistes-2\/\">galerie des artistes<\/a><\/strong> (envoyez nous vos \u0153uvres)<\/p>\n\n\n\n<div class=\"wp-block-columns is-layout-flex wp-container-core-columns-is-layout-28f84493 wp-block-columns-is-layout-flex\">\n<div class=\"wp-block-column is-layout-flow wp-block-column-is-layout-flow\"><\/div>\n\n\n\n<div class=\"wp-block-column is-layout-flow wp-block-column-is-layout-flow\"><\/div>\n<\/div>\n\n\n\n<p><\/p>\n<style class=\"advgb-styles-renderer\">.kb-image2396_63fddb-06.kb-image-is-ratio-size, .kb-image2396_63fddb-06 .kb-image-is-ratio-size{max-width:99px;width:100%;}.wp-block-kadence-column > .kt-inside-inner-col > .kb-image2396_63fddb-06.kb-image-is-ratio-size, .wp-block-kadence-column > .kt-inside-inner-col > .kb-image2396_63fddb-06 .kb-image-is-ratio-size{align-self:unset;}.kb-image2396_63fddb-06 figure{max-width:99px;}.kb-image2396_63fddb-06 .image-is-svg, .kb-image2396_63fddb-06 .image-is-svg img{width:100%;}.kb-image2396_63fddb-06 .kb-image-has-overlay:after{opacity:0.3;}.wp-block-kadence-iconlist.kt-svg-icon-list-items2396_aa8191-a1:not(.this-stops-third-party-issues){margin-top:0px;margin-bottom:0px;}.wp-block-kadence-iconlist.kt-svg-icon-list-items2396_aa8191-a1 ul.kt-svg-icon-list:not(.this-prevents-issues):not(.this-stops-third-party-issues):not(.tijsloc){margin-top:0px;margin-right:0px;margin-bottom:0px;margin-left:0px;}.wp-block-kadence-iconlist.kt-svg-icon-list-items2396_aa8191-a1 ul.kt-svg-icon-list{grid-row-gap:10px;}.wp-block-kadence-iconlist.kt-svg-icon-list-items2396_aa8191-a1 .kb-svg-icon-wrap{font-size:20px;}.wp-block-kadence-iconlist.kt-svg-icon-list-items2396_aa8191-a1 ul.kt-svg-icon-list .kt-svg-icon-list-item-wrap .kt-svg-icon-list-single{margin-right:10px;}.kt-svg-icon-list-items2396_aa8191-a1 ul.kt-svg-icon-list .kt-svg-icon-list-level-0 .kt-svg-icon-list-single svg{font-size:20px;}.kt-svg-icon-list-item-2396_2fa10c-1e .kt-svg-icon-list-single{font-size:20px !important;background-color:#FFFFFF!important;border-color:#FFFFFF !important;border-width:3px !important;}.kt-svg-icon-list-item-2396_2fa10c-1e .kt-svg-icon-list-text mark.kt-highlight{background-color:unset;font-style:normal;color:#f76a0c;border-top:1px dotted transparent;border-right:1px dotted transparent;border-bottom:1px dotted transparent;border-left:1px dotted transparent;-webkit-box-decoration-break:clone;box-decoration-break:clone;padding-top:0px;padding-right:0px;padding-bottom:0px;padding-left:0px;}@media all and (max-width: 1024px){.kt-svg-icon-list-item-2396_2fa10c-1e .kt-svg-icon-list-text mark.kt-highlight{border-top:1px dotted transparent;border-right:1px dotted transparent;border-bottom:1px dotted transparent;border-left:1px dotted transparent;}}@media all and (max-width: 767px){.kt-svg-icon-list-item-2396_2fa10c-1e .kt-svg-icon-list-text mark.kt-highlight{border-top:1px dotted transparent;border-right:1px dotted transparent;border-bottom:1px dotted transparent;border-left:1px dotted transparent;}}.kt-svg-icon-list-item-2396_0e6ba5-d7 .kt-svg-icon-list-text mark.kt-highlight{background-color:unset;font-style:normal;color:#f76a0c;-webkit-box-decoration-break:clone;box-decoration-break:clone;padding-top:0px;padding-right:0px;padding-bottom:0px;padding-left:0px;}.kt-svg-icon-list-item-2396_c55860-3c .kt-svg-icon-list-text mark.kt-highlight{background-color:unset;font-style:normal;color:#f76a0c;-webkit-box-decoration-break:clone;box-decoration-break:clone;padding-top:0px;padding-right:0px;padding-bottom:0px;padding-left:0px;}.kt-svg-icon-list-item-2396_d1095c-a5 .kt-svg-icon-list-text mark.kt-highlight{background-color:unset;font-style:normal;color:#f76a0c;-webkit-box-decoration-break:clone;box-decoration-break:clone;padding-top:0px;padding-right:0px;padding-bottom:0px;padding-left:0px;}.kt-svg-icon-list-item-2396_64d75d-a4 .kt-svg-icon-list-text mark.kt-highlight{background-color:unset;font-style:normal;color:#f76a0c;-webkit-box-decoration-break:clone;box-decoration-break:clone;padding-top:0px;padding-right:0px;padding-bottom:0px;padding-left:0px;}.kt-svg-icon-list-item-2396_9dc1ee-8c .kt-svg-icon-list-text mark.kt-highlight{background-color:unset;font-style:normal;color:#f76a0c;-webkit-box-decoration-break:clone;box-decoration-break:clone;padding-top:0px;padding-right:0px;padding-bottom:0px;padding-left:0px;}.kt-svg-icon-list-item-2396_3d5e9f-48 .kt-svg-icon-list-text mark.kt-highlight{background-color:unset;font-style:normal;color:#f76a0c;-webkit-box-decoration-break:clone;box-decoration-break:clone;padding-top:0px;padding-right:0px;padding-bottom:0px;padding-left:0px;}.kt-svg-icon-list-item-2396_b1d0d7-8a .kt-svg-icon-list-text mark.kt-highlight{background-color:unset;font-style:normal;color:#f76a0c;-webkit-box-decoration-break:clone;box-decoration-break:clone;padding-top:0px;padding-right:0px;padding-bottom:0px;padding-left:0px;}.kt-svg-icon-list-item-2396_dd857a-94 .kt-svg-icon-list-text mark.kt-highlight{background-color:unset;font-style:normal;color:#f76a0c;-webkit-box-decoration-break:clone;box-decoration-break:clone;padding-top:0px;padding-right:0px;padding-bottom:0px;padding-left:0px;}.kb-image2396_954df0-7a .kb-image-has-overlay:after{opacity:0.3;}<\/style>","protected":false},"excerpt":{"rendered":"<p>Le printemps est l\u00e0, et vous apporte des nouvelles de nos ateliers Bonnes vacances de printemps, n&rsquo;oubliez pas que le calendrier des ateliers est en ligne, ainsi que la galerie des artistes (envoyez nous vos \u0153uvres)<\/p>\n","protected":false},"author":32,"featured_media":0,"comment_status":"closed","ping_status":"open","sticky":false,"template":"","format":"standard","meta":{"_coblocks_attr":"","_coblocks_dimensions":"","_coblocks_responsive_height":"","_coblocks_accordion_ie_support":"","_uag_custom_page_level_css":"","advgb_blocks_editor_width":"","advgb_blocks_columns_visual_guide":"","jetpack_post_was_ever_published":false,"_jetpack_newsletter_access":"","_jetpack_dont_email_post_to_subs":false,"_jetpack_newsletter_tier_id":0,"_jetpack_memberships_contains_paywalled_content":false,"_jetpack_memberships_contains_paid_content":false,"footnotes":""},"categories":[1],"tags":[],"class_list":["post-2396","post","type-post","status-publish","format-standard","hentry","category-news","entry"],"yoast_head":"<!-- This site is optimized with the Yoast SEO plugin v27.5 - https:\/\/yoast.com\/product\/yoast-seo-wordpress\/ -->\n<title>Bonne vacances de printemps - ATELIERS CONTRASTE<\/title>\n<meta name=\"robots\" content=\"index, follow, max-snippet:-1, max-image-preview:large, max-video-preview:-1\" \/>\n<link rel=\"canonical\" href=\"https:\/\/ateliers-contraste.com\/index.php\/2025\/04\/14\/bonne-vacances-de-printemps\/\" \/>\n<meta property=\"og:locale\" content=\"fr_FR\" \/>\n<meta property=\"og:type\" content=\"article\" \/>\n<meta property=\"og:title\" content=\"Bonne vacances de printemps - ATELIERS CONTRASTE\" \/>\n<meta property=\"og:description\" content=\"Le printemps est l\u00e0, et vous apporte des nouvelles de nos ateliers Bonnes vacances de printemps, n&rsquo;oubliez pas que le calendrier des ateliers est en ligne, ainsi que la galerie des artistes (envoyez nous vos \u0153uvres)\" \/>\n<meta property=\"og:url\" content=\"https:\/\/ateliers-contraste.com\/index.php\/2025\/04\/14\/bonne-vacances-de-printemps\/\" \/>\n<meta property=\"og:site_name\" content=\"ATELIERS CONTRASTE\" \/>\n<meta property=\"article:published_time\" content=\"2025-04-14T18:24:34+00:00\" \/>\n<meta property=\"article:modified_time\" content=\"2025-04-14T18:24:37+00:00\" \/>\n<meta property=\"og:image\" content=\"https:\/\/ateliers-contraste.com\/wp-content\/uploads\/2023\/12\/cropped-cropped-logoAteliersContraste2.jpg\" \/>\n<meta name=\"author\" content=\"JM G\" \/>\n<meta name=\"twitter:card\" content=\"summary_large_image\" \/>\n<meta name=\"twitter:label1\" content=\"\u00c9crit par\" \/>\n\t<meta name=\"twitter:data1\" content=\"JM G\" \/>\n\t<meta name=\"twitter:label2\" content=\"Dur\u00e9e de lecture estim\u00e9e\" \/>\n\t<meta name=\"twitter:data2\" content=\"3 minutes\" \/>\n<script type=\"application\/ld+json\" class=\"yoast-schema-graph\">{\"@context\":\"https:\\\/\\\/schema.org\",\"@graph\":[{\"@type\":\"Article\",\"@id\":\"https:\\\/\\\/ateliers-contraste.com\\\/index.php\\\/2025\\\/04\\\/14\\\/bonne-vacances-de-printemps\\\/#article\",\"isPartOf\":{\"@id\":\"https:\\\/\\\/ateliers-contraste.com\\\/index.php\\\/2025\\\/04\\\/14\\\/bonne-vacances-de-printemps\\\/\"},\"author\":{\"name\":\"JM G\",\"@id\":\"https:\\\/\\\/ateliers-contraste.com\\\/#\\\/schema\\\/person\\\/9740f38a64a9368177c840a984b444b8\"},\"headline\":\"Bonne vacances de printemps\",\"datePublished\":\"2025-04-14T18:24:34+00:00\",\"dateModified\":\"2025-04-14T18:24:37+00:00\",\"mainEntityOfPage\":{\"@id\":\"https:\\\/\\\/ateliers-contraste.com\\\/index.php\\\/2025\\\/04\\\/14\\\/bonne-vacances-de-printemps\\\/\"},\"wordCount\":285,\"publisher\":{\"@id\":\"https:\\\/\\\/ateliers-contraste.com\\\/#organization\"},\"image\":{\"@id\":\"https:\\\/\\\/ateliers-contraste.com\\\/index.php\\\/2025\\\/04\\\/14\\\/bonne-vacances-de-printemps\\\/#primaryimage\"},\"thumbnailUrl\":\"https:\\\/\\\/ateliers-contraste.com\\\/wp-content\\\/uploads\\\/2023\\\/12\\\/cropped-cropped-logoAteliersContraste2.jpg\",\"articleSection\":[\"NEWS\"],\"inLanguage\":\"fr-FR\"},{\"@type\":\"WebPage\",\"@id\":\"https:\\\/\\\/ateliers-contraste.com\\\/index.php\\\/2025\\\/04\\\/14\\\/bonne-vacances-de-printemps\\\/\",\"url\":\"https:\\\/\\\/ateliers-contraste.com\\\/index.php\\\/2025\\\/04\\\/14\\\/bonne-vacances-de-printemps\\\/\",\"name\":\"Bonne vacances de printemps - ATELIERS CONTRASTE\",\"isPartOf\":{\"@id\":\"https:\\\/\\\/ateliers-contraste.com\\\/#website\"},\"primaryImageOfPage\":{\"@id\":\"https:\\\/\\\/ateliers-contraste.com\\\/index.php\\\/2025\\\/04\\\/14\\\/bonne-vacances-de-printemps\\\/#primaryimage\"},\"image\":{\"@id\":\"https:\\\/\\\/ateliers-contraste.com\\\/index.php\\\/2025\\\/04\\\/14\\\/bonne-vacances-de-printemps\\\/#primaryimage\"},\"thumbnailUrl\":\"https:\\\/\\\/ateliers-contraste.com\\\/wp-content\\\/uploads\\\/2023\\\/12\\\/cropped-cropped-logoAteliersContraste2.jpg\",\"datePublished\":\"2025-04-14T18:24:34+00:00\",\"dateModified\":\"2025-04-14T18:24:37+00:00\",\"breadcrumb\":{\"@id\":\"https:\\\/\\\/ateliers-contraste.com\\\/index.php\\\/2025\\\/04\\\/14\\\/bonne-vacances-de-printemps\\\/#breadcrumb\"},\"inLanguage\":\"fr-FR\",\"potentialAction\":[{\"@type\":\"ReadAction\",\"target\":[\"https:\\\/\\\/ateliers-contraste.com\\\/index.php\\\/2025\\\/04\\\/14\\\/bonne-vacances-de-printemps\\\/\"]}]},{\"@type\":\"ImageObject\",\"inLanguage\":\"fr-FR\",\"@id\":\"https:\\\/\\\/ateliers-contraste.com\\\/index.php\\\/2025\\\/04\\\/14\\\/bonne-vacances-de-printemps\\\/#primaryimage\",\"url\":\"https:\\\/\\\/i0.wp.com\\\/ateliers-contraste.com\\\/wp-content\\\/uploads\\\/2023\\\/12\\\/cropped-cropped-logoAteliersContraste2.jpg?fit=178%2C158&ssl=1\",\"contentUrl\":\"https:\\\/\\\/i0.wp.com\\\/ateliers-contraste.com\\\/wp-content\\\/uploads\\\/2023\\\/12\\\/cropped-cropped-logoAteliersContraste2.jpg?fit=178%2C158&ssl=1\",\"width\":178,\"height\":158},{\"@type\":\"BreadcrumbList\",\"@id\":\"https:\\\/\\\/ateliers-contraste.com\\\/index.php\\\/2025\\\/04\\\/14\\\/bonne-vacances-de-printemps\\\/#breadcrumb\",\"itemListElement\":[{\"@type\":\"ListItem\",\"position\":1,\"name\":\"Accueil\",\"item\":\"https:\\\/\\\/ateliers-contraste.com\\\/\"},{\"@type\":\"ListItem\",\"position\":2,\"name\":\"Bonne vacances de printemps\"}]},{\"@type\":\"WebSite\",\"@id\":\"https:\\\/\\\/ateliers-contraste.com\\\/#website\",\"url\":\"https:\\\/\\\/ateliers-contraste.com\\\/\",\"name\":\"ATELIERS CONTRASTE\",\"description\":\"Pratique des Arts Plastiques\",\"publisher\":{\"@id\":\"https:\\\/\\\/ateliers-contraste.com\\\/#organization\"},\"potentialAction\":[{\"@type\":\"SearchAction\",\"target\":{\"@type\":\"EntryPoint\",\"urlTemplate\":\"https:\\\/\\\/ateliers-contraste.com\\\/?s={search_term_string}\"},\"query-input\":{\"@type\":\"PropertyValueSpecification\",\"valueRequired\":true,\"valueName\":\"search_term_string\"}}],\"inLanguage\":\"fr-FR\"},{\"@type\":\"Organization\",\"@id\":\"https:\\\/\\\/ateliers-contraste.com\\\/#organization\",\"name\":\"ATELIERS CONTRASTE\",\"url\":\"https:\\\/\\\/ateliers-contraste.com\\\/\",\"logo\":{\"@type\":\"ImageObject\",\"inLanguage\":\"fr-FR\",\"@id\":\"https:\\\/\\\/ateliers-contraste.com\\\/#\\\/schema\\\/logo\\\/image\\\/\",\"url\":\"https:\\\/\\\/i2.wp.com\\\/ateliers-contraste.com\\\/wp-content\\\/uploads\\\/2020\\\/03\\\/logo-AC.jpg?fit=811%2C514\",\"contentUrl\":\"https:\\\/\\\/i2.wp.com\\\/ateliers-contraste.com\\\/wp-content\\\/uploads\\\/2020\\\/03\\\/logo-AC.jpg?fit=811%2C514\",\"width\":811,\"height\":514,\"caption\":\"ATELIERS CONTRASTE\"},\"image\":{\"@id\":\"https:\\\/\\\/ateliers-contraste.com\\\/#\\\/schema\\\/logo\\\/image\\\/\"}},{\"@type\":\"Person\",\"@id\":\"https:\\\/\\\/ateliers-contraste.com\\\/#\\\/schema\\\/person\\\/9740f38a64a9368177c840a984b444b8\",\"name\":\"JM G\",\"image\":{\"@type\":\"ImageObject\",\"inLanguage\":\"fr-FR\",\"@id\":\"https:\\\/\\\/secure.gravatar.com\\\/avatar\\\/45d0c1e7e59e4718d47f7f65e7cfa244c67089f2acedf0ad6a85c7a0aace0aae?s=96&d=mm&r=g\",\"url\":\"https:\\\/\\\/secure.gravatar.com\\\/avatar\\\/45d0c1e7e59e4718d47f7f65e7cfa244c67089f2acedf0ad6a85c7a0aace0aae?s=96&d=mm&r=g\",\"contentUrl\":\"https:\\\/\\\/secure.gravatar.com\\\/avatar\\\/45d0c1e7e59e4718d47f7f65e7cfa244c67089f2acedf0ad6a85c7a0aace0aae?s=96&d=mm&r=g\",\"caption\":\"JM G\"},\"url\":\"https:\\\/\\\/ateliers-contraste.com\\\/index.php\\\/author\\\/jmadmin\\\/\"}]}<\/script>\n<!-- \/ Yoast SEO plugin. -->","yoast_head_json":{"title":"Bonne vacances de printemps - ATELIERS CONTRASTE","robots":{"index":"index","follow":"follow","max-snippet":"max-snippet:-1","max-image-preview":"max-image-preview:large","max-video-preview":"max-video-preview:-1"},"canonical":"https:\/\/ateliers-contraste.com\/index.php\/2025\/04\/14\/bonne-vacances-de-printemps\/","og_locale":"fr_FR","og_type":"article","og_title":"Bonne vacances de printemps - ATELIERS CONTRASTE","og_description":"Le printemps est l\u00e0, et vous apporte des nouvelles de nos ateliers Bonnes vacances de printemps, n&rsquo;oubliez pas que le calendrier des ateliers est en ligne, ainsi que la galerie des artistes (envoyez nous vos \u0153uvres)","og_url":"https:\/\/ateliers-contraste.com\/index.php\/2025\/04\/14\/bonne-vacances-de-printemps\/","og_site_name":"ATELIERS CONTRASTE","article_published_time":"2025-04-14T18:24:34+00:00","article_modified_time":"2025-04-14T18:24:37+00:00","og_image":[{"url":"https:\/\/ateliers-contraste.com\/wp-content\/uploads\/2023\/12\/cropped-cropped-logoAteliersContraste2.jpg","type":"","width":"","height":""}],"author":"JM G","twitter_card":"summary_large_image","twitter_misc":{"\u00c9crit par":"JM G","Dur\u00e9e de lecture estim\u00e9e":"3 minutes"},"schema":{"@context":"https:\/\/schema.org","@graph":[{"@type":"Article","@id":"https:\/\/ateliers-contraste.com\/index.php\/2025\/04\/14\/bonne-vacances-de-printemps\/#article","isPartOf":{"@id":"https:\/\/ateliers-contraste.com\/index.php\/2025\/04\/14\/bonne-vacances-de-printemps\/"},"author":{"name":"JM G","@id":"https:\/\/ateliers-contraste.com\/#\/schema\/person\/9740f38a64a9368177c840a984b444b8"},"headline":"Bonne vacances de printemps","datePublished":"2025-04-14T18:24:34+00:00","dateModified":"2025-04-14T18:24:37+00:00","mainEntityOfPage":{"@id":"https:\/\/ateliers-contraste.com\/index.php\/2025\/04\/14\/bonne-vacances-de-printemps\/"},"wordCount":285,"publisher":{"@id":"https:\/\/ateliers-contraste.com\/#organization"},"image":{"@id":"https:\/\/ateliers-contraste.com\/index.php\/2025\/04\/14\/bonne-vacances-de-printemps\/#primaryimage"},"thumbnailUrl":"https:\/\/ateliers-contraste.com\/wp-content\/uploads\/2023\/12\/cropped-cropped-logoAteliersContraste2.jpg","articleSection":["NEWS"],"inLanguage":"fr-FR"},{"@type":"WebPage","@id":"https:\/\/ateliers-contraste.com\/index.php\/2025\/04\/14\/bonne-vacances-de-printemps\/","url":"https:\/\/ateliers-contraste.com\/index.php\/2025\/04\/14\/bonne-vacances-de-printemps\/","name":"Bonne vacances de printemps - ATELIERS CONTRASTE","isPartOf":{"@id":"https:\/\/ateliers-contraste.com\/#website"},"primaryImageOfPage":{"@id":"https:\/\/ateliers-contraste.com\/index.php\/2025\/04\/14\/bonne-vacances-de-printemps\/#primaryimage"},"image":{"@id":"https:\/\/ateliers-contraste.com\/index.php\/2025\/04\/14\/bonne-vacances-de-printemps\/#primaryimage"},"thumbnailUrl":"https:\/\/ateliers-contraste.com\/wp-content\/uploads\/2023\/12\/cropped-cropped-logoAteliersContraste2.jpg","datePublished":"2025-04-14T18:24:34+00:00","dateModified":"2025-04-14T18:24:37+00:00","breadcrumb":{"@id":"https:\/\/ateliers-contraste.com\/index.php\/2025\/04\/14\/bonne-vacances-de-printemps\/#breadcrumb"},"inLanguage":"fr-FR","potentialAction":[{"@type":"ReadAction","target":["https:\/\/ateliers-contraste.com\/index.php\/2025\/04\/14\/bonne-vacances-de-printemps\/"]}]},{"@type":"ImageObject","inLanguage":"fr-FR","@id":"https:\/\/ateliers-contraste.com\/index.php\/2025\/04\/14\/bonne-vacances-de-printemps\/#primaryimage","url":"https:\/\/i0.wp.com\/ateliers-contraste.com\/wp-content\/uploads\/2023\/12\/cropped-cropped-logoAteliersContraste2.jpg?fit=178%2C158&ssl=1","contentUrl":"https:\/\/i0.wp.com\/ateliers-contraste.com\/wp-content\/uploads\/2023\/12\/cropped-cropped-logoAteliersContraste2.jpg?fit=178%2C158&ssl=1","width":178,"height":158},{"@type":"BreadcrumbList","@id":"https:\/\/ateliers-contraste.com\/index.php\/2025\/04\/14\/bonne-vacances-de-printemps\/#breadcrumb","itemListElement":[{"@type":"ListItem","position":1,"name":"Accueil","item":"https:\/\/ateliers-contraste.com\/"},{"@type":"ListItem","position":2,"name":"Bonne vacances de printemps"}]},{"@type":"WebSite","@id":"https:\/\/ateliers-contraste.com\/#website","url":"https:\/\/ateliers-contraste.com\/","name":"ATELIERS CONTRASTE","description":"Pratique des Arts Plastiques","publisher":{"@id":"https:\/\/ateliers-contraste.com\/#organization"},"potentialAction":[{"@type":"SearchAction","target":{"@type":"EntryPoint","urlTemplate":"https:\/\/ateliers-contraste.com\/?s={search_term_string}"},"query-input":{"@type":"PropertyValueSpecification","valueRequired":true,"valueName":"search_term_string"}}],"inLanguage":"fr-FR"},{"@type":"Organization","@id":"https:\/\/ateliers-contraste.com\/#organization","name":"ATELIERS CONTRASTE","url":"https:\/\/ateliers-contraste.com\/","logo":{"@type":"ImageObject","inLanguage":"fr-FR","@id":"https:\/\/ateliers-contraste.com\/#\/schema\/logo\/image\/","url":"https:\/\/i2.wp.com\/ateliers-contraste.com\/wp-content\/uploads\/2020\/03\/logo-AC.jpg?fit=811%2C514","contentUrl":"https:\/\/i2.wp.com\/ateliers-contraste.com\/wp-content\/uploads\/2020\/03\/logo-AC.jpg?fit=811%2C514","width":811,"height":514,"caption":"ATELIERS CONTRASTE"},"image":{"@id":"https:\/\/ateliers-contraste.com\/#\/schema\/logo\/image\/"}},{"@type":"Person","@id":"https:\/\/ateliers-contraste.com\/#\/schema\/person\/9740f38a64a9368177c840a984b444b8","name":"JM G","image":{"@type":"ImageObject","inLanguage":"fr-FR","@id":"https:\/\/secure.gravatar.com\/avatar\/45d0c1e7e59e4718d47f7f65e7cfa244c67089f2acedf0ad6a85c7a0aace0aae?s=96&d=mm&r=g","url":"https:\/\/secure.gravatar.com\/avatar\/45d0c1e7e59e4718d47f7f65e7cfa244c67089f2acedf0ad6a85c7a0aace0aae?s=96&d=mm&r=g","contentUrl":"https:\/\/secure.gravatar.com\/avatar\/45d0c1e7e59e4718d47f7f65e7cfa244c67089f2acedf0ad6a85c7a0aace0aae?s=96&d=mm&r=g","caption":"JM G"},"url":"https:\/\/ateliers-contraste.com\/index.php\/author\/jmadmin\/"}]}},"author_meta":{"display_name":"JM G","author_link":"https:\/\/ateliers-contraste.com\/index.php\/author\/jmadmin\/"},"featured_img":null,"jetpack_featured_media_url":"","uagb_featured_image_src":{"full":false,"thumbnail":false,"medium":false,"medium_large":false,"large":false,"1536x1536":false,"2048x2048":false,"post-thumbnail":false},"uagb_author_info":{"display_name":"JM G","author_link":"https:\/\/ateliers-contraste.com\/index.php\/author\/jmadmin\/"},"uagb_comment_info":0,"uagb_excerpt":"Le printemps est l\u00e0, et vous apporte des nouvelles de nos ateliers Bonnes vacances de printemps, n&rsquo;oubliez pas que le calendrier des ateliers est en ligne, ainsi que la galerie des artistes (envoyez nous vos \u0153uvres)","coauthors":[],"tax_additional":{"categories":{"linked":["<a href=\"https:\/\/ateliers-contraste.com\/index.php\/category\/news\/\" class=\"advgb-post-tax-term\">NEWS<\/a>"],"unlinked":["<span class=\"advgb-post-tax-term\">NEWS<\/span>"]}},"comment_count":"0","relative_dates":{"created":"Publi\u00e9 1 an il y a","modified":"Mis \u00e0 jour 1 an il y a"},"absolute_dates":{"created":"Publi\u00e9 le 14\/04\/2025","modified":"Mise \u00e0 jour le 14\/04\/2025"},"absolute_dates_time":{"created":"Publi\u00e9 le 14\/04\/2025 20 h 24 min","modified":"Mise \u00e0 jour le 14\/04\/2025 20 h 24 min"},"featured_img_caption":"","series_order":"","jetpack_sharing_enabled":true,"_links":{"self":[{"href":"https:\/\/ateliers-contraste.com\/index.php\/wp-json\/wp\/v2\/posts\/2396","targetHints":{"allow":["GET"]}}],"collection":[{"href":"https:\/\/ateliers-contraste.com\/index.php\/wp-json\/wp\/v2\/posts"}],"about":[{"href":"https:\/\/ateliers-contraste.com\/index.php\/wp-json\/wp\/v2\/types\/post"}],"author":[{"embeddable":true,"href":"https:\/\/ateliers-contraste.com\/index.php\/wp-json\/wp\/v2\/users\/32"}],"replies":[{"embeddable":true,"href":"https:\/\/ateliers-contraste.com\/index.php\/wp-json\/wp\/v2\/comments?post=2396"}],"version-history":[{"count":4,"href":"https:\/\/ateliers-contraste.com\/index.php\/wp-json\/wp\/v2\/posts\/2396\/revisions"}],"predecessor-version":[{"id":2407,"href":"https:\/\/ateliers-contraste.com\/index.php\/wp-json\/wp\/v2\/posts\/2396\/revisions\/2407"}],"wp:attachment":[{"href":"https:\/\/ateliers-contraste.com\/index.php\/wp-json\/wp\/v2\/media?parent=2396"}],"wp:term":[{"taxonomy":"category","embeddable":true,"href":"https:\/\/ateliers-contraste.com\/index.php\/wp-json\/wp\/v2\/categories?post=2396"},{"taxonomy":"post_tag","embeddable":true,"href":"https:\/\/ateliers-contraste.com\/index.php\/wp-json\/wp\/v2\/tags?post=2396"}],"curies":[{"name":"wp","href":"https:\/\/api.w.org\/{rel}","templated":true}]}}