{"id":2457,"date":"2025-05-17T18:04:00","date_gmt":"2025-05-17T16:04:00","guid":{"rendered":"https:\/\/ateliers-contraste.com\/?p=2457"},"modified":"2025-05-17T18:04:02","modified_gmt":"2025-05-17T16:04:02","slug":"marche-des-peintres-a-rueil-on-y-sera-passez-nous-voir","status":"publish","type":"post","link":"https:\/\/ateliers-contraste.com\/index.php\/2025\/05\/17\/marche-des-peintres-a-rueil-on-y-sera-passez-nous-voir\/","title":{"rendered":"March\u00e9 des peintres \u00e0 RUEIL : On y sera, passez nous voir&#8230;"},"content":{"rendered":"\n<div class=\"wp-block-kadence-image kb-image2457_7e5c43-c6\"><figure class=\"aligncenter size-full\"><img data-recalc-dims=\"1\" loading=\"lazy\" decoding=\"async\" width=\"178\" height=\"158\" src=\"https:\/\/i0.wp.com\/ateliers-contraste.com\/wp-content\/uploads\/2023\/12\/cropped-cropped-logoAteliersContraste2.jpg?resize=178%2C158&#038;ssl=1\" alt=\"\" class=\"kb-img wp-image-1343\"\/><\/figure><\/div>\n\n\n\n<div class=\"wp-block-columns is-layout-flex wp-container-core-columns-is-layout-28f84493 wp-block-columns-is-layout-flex\">\n<div class=\"wp-block-column is-layout-flow wp-block-column-is-layout-flow\" style=\"flex-basis:70%\">\n<div class=\"wp-block-kadence-iconlist kt-svg-icon-list-items kt-svg-icon-list-items2457_dadc4a-bf kt-svg-icon-list-columns-1 alignnone kt-list-icon-aligntop\"><ul class=\"kt-svg-icon-list\">\n<li class=\"wp-block-kadence-listitem kt-svg-icon-list-item-wrap kt-svg-icon-list-item-2457_08579c-a5\"><span class=\"kb-svg-icon-wrap kb-svg-icon-fe_checkCircle kt-svg-icon-list-single\"><svg viewBox=\"0 0 24 24\"  fill=\"none\" stroke=\"currentColor\" stroke-width=\"1.5\" stroke-linecap=\"round\" stroke-linejoin=\"round\" xmlns=\"http:\/\/www.w3.org\/2000\/svg\"  aria-hidden=\"true\"><path d=\"M22 11.08V12a10 10 0 1 1-5.93-9.14\"\/><polyline points=\"22 4 12 14.01 9 11.01\"\/><\/svg><\/span><span class=\"kt-svg-icon-list-text\"><strong>Le march\u00e9 des peintres<\/strong> de Rueil aura lieu le <strong>dimanche 18 mai<\/strong>, Ateliers Contraste y participe, ainsi que certains de nos adh\u00e9rents. D\u00e9couvrez le <a href=\"https:\/\/ateliers-contraste.com\/wp-content\/uploads\/2025\/05\/A5_Flyer_Marche-des-Peintres_2025_BD.pdf\" target=\"_blank\" rel=\"noreferrer noopener\"><strong>programme<\/strong> <\/a>et passez nous voir place Jean-Jaur\u00e8s entre 10h et 18h ! <\/span><\/li>\n\n\n\n<li class=\"wp-block-kadence-listitem kt-svg-icon-list-item-wrap kt-svg-icon-list-item-2457_86b239-09 kt-svg-icon-list-style-stacked\"><span class=\"kb-svg-icon-wrap kb-svg-icon-fe_checkCircle kt-svg-icon-list-single\"><svg viewBox=\"0 0 24 24\"  fill=\"none\" stroke=\"currentColor\" stroke-width=\"1.5\" stroke-linecap=\"round\" stroke-linejoin=\"round\" xmlns=\"http:\/\/www.w3.org\/2000\/svg\"  aria-hidden=\"true\"><path d=\"M22 11.08V12a10 10 0 1 1-5.93-9.14\"\/><polyline points=\"22 4 12 14.01 9 11.01\"\/><\/svg><\/span><span class=\"kt-svg-icon-list-text\">La participation au <strong>concours de dessin Manga<\/strong> 2025 est termin\u00e9e. La suite :<br>\u2022 14 au 20 mai : Choix des dessins gagnants par le jury<br>\u2022 20 mai affichage des 15 dessins retenus au Libris Caf\u00e9<br>\u2022 28 mai : Annonce des 9 gagnants lors d\u2019une r\u00e9union r\u00e9unissant tous les participants \u00e0 18h30 au Libris Caf\u00e9<\/span><\/li>\n\n\n\n<li class=\"wp-block-kadence-listitem kt-svg-icon-list-item-wrap kt-svg-icon-list-item-2457_c1337b-37\"><span class=\"kb-svg-icon-wrap kb-svg-icon-fe_checkCircle kt-svg-icon-list-single\"><svg viewBox=\"0 0 24 24\"  fill=\"none\" stroke=\"currentColor\" stroke-width=\"1.5\" stroke-linecap=\"round\" stroke-linejoin=\"round\" xmlns=\"http:\/\/www.w3.org\/2000\/svg\"  aria-hidden=\"true\"><path d=\"M22 11.08V12a10 10 0 1 1-5.93-9.14\"\/><polyline points=\"22 4 12 14.01 9 11.01\"\/><\/svg><\/span><span class=\"kt-svg-icon-list-text\">Profitez d&rsquo;une balade sur les bords de Seine pour d\u00e9couvrir <strong>nos expositions <\/strong>\u00e0 la maison Daubigny. <br>Elles s&rsquo;enchainent depuis le 1er mai jusqu&rsquo;au 15 juin.<br><strong>C<a href=\"https:\/\/ateliers-contraste.com\/index.php\/expositions\/\" target=\"_blank\" rel=\"noreferrer noopener\">alendrier des expositions<\/a><\/strong> et affiches chez les commer\u00e7ants du centre ville et sur l&rsquo;affichage municipal.<\/span><\/li>\n\n\n\n<li class=\"wp-block-kadence-listitem kt-svg-icon-list-item-wrap kt-svg-icon-list-item-2457_e2bad1-8d\"><span class=\"kb-svg-icon-wrap kb-svg-icon-fe_checkCircle kt-svg-icon-list-single\"><svg viewBox=\"0 0 24 24\"  fill=\"none\" stroke=\"currentColor\" stroke-width=\"1.5\" stroke-linecap=\"round\" stroke-linejoin=\"round\" xmlns=\"http:\/\/www.w3.org\/2000\/svg\"  aria-hidden=\"true\"><path d=\"M22 11.08V12a10 10 0 1 1-5.93-9.14\"\/><polyline points=\"22 4 12 14.01 9 11.01\"\/><\/svg><\/span><span class=\"kt-svg-icon-list-text\">Retrouvez tout le <a href=\"https:\/\/ateliers-contraste.com\/index.php\/2025\/04\/02\/fete-de-lestampe-du-23-au-26-mai-2025\/\" target=\"_blank\" rel=\"noreferrer noopener\"><strong>programme <\/strong><\/a>de la <strong>F\u00caTE DE L&rsquo;ESTAMPE<\/strong>, du 23 au 26 mai<\/span><\/li>\n<\/ul><\/div>\n<\/div>\n<\/div>\n\n\n\n<p class=\"has-text-align-center\">A bient\u00f4t,<br>n&rsquo;oubliez pas que le <a href=\"https:\/\/ateliers-contraste.com\/index.php\/calendrier\/\" target=\"_blank\" rel=\"noreferrer noopener\"><strong>calendrier<\/strong> <\/a>des ateliers est en ligne, <br>ainsi que la<strong> <a href=\"https:\/\/ateliers-contraste.com\/index.php\/galerie-des-artistes-2\/\">galerie des artistes<\/a><\/strong> (envoyez nous vos \u0153uvres)<\/p>\n\n\n\n<div class=\"wp-block-columns is-layout-flex wp-container-core-columns-is-layout-28f84493 wp-block-columns-is-layout-flex\">\n<div class=\"wp-block-column is-layout-flow wp-block-column-is-layout-flow\"><\/div>\n\n\n\n<div class=\"wp-block-column is-layout-flow wp-block-column-is-layout-flow\"><\/div>\n<\/div>\n\n\n\n<p><\/p>\n<style class=\"advgb-styles-renderer\">.kb-image2457_7e5c43-c6.kb-image-is-ratio-size, .kb-image2457_7e5c43-c6 .kb-image-is-ratio-size{max-width:99px;width:100%;}.wp-block-kadence-column > .kt-inside-inner-col > .kb-image2457_7e5c43-c6.kb-image-is-ratio-size, .wp-block-kadence-column > .kt-inside-inner-col > .kb-image2457_7e5c43-c6 .kb-image-is-ratio-size{align-self:unset;}.kb-image2457_7e5c43-c6 figure{max-width:99px;}.kb-image2457_7e5c43-c6 .image-is-svg, .kb-image2457_7e5c43-c6 .image-is-svg img{width:100%;}.kb-image2457_7e5c43-c6 .kb-image-has-overlay:after{opacity:0.3;}.wp-block-kadence-iconlist.kt-svg-icon-list-items2457_dadc4a-bf:not(.this-stops-third-party-issues){margin-top:0px;margin-bottom:0px;}.wp-block-kadence-iconlist.kt-svg-icon-list-items2457_dadc4a-bf ul.kt-svg-icon-list:not(.this-prevents-issues):not(.this-stops-third-party-issues):not(.tijsloc){margin-top:0px;margin-right:0px;margin-bottom:0px;margin-left:0px;}.wp-block-kadence-iconlist.kt-svg-icon-list-items2457_dadc4a-bf ul.kt-svg-icon-list{grid-row-gap:10px;}.wp-block-kadence-iconlist.kt-svg-icon-list-items2457_dadc4a-bf .kb-svg-icon-wrap{font-size:20px;}.wp-block-kadence-iconlist.kt-svg-icon-list-items2457_dadc4a-bf ul.kt-svg-icon-list .kt-svg-icon-list-item-wrap .kt-svg-icon-list-single{margin-right:10px;}.kt-svg-icon-list-items2457_dadc4a-bf ul.kt-svg-icon-list .kt-svg-icon-list-level-0 .kt-svg-icon-list-single svg{font-size:20px;}.kt-svg-icon-list-item-2457_08579c-a5 .kt-svg-icon-list-text mark.kt-highlight{background-color:unset;font-style:normal;color:#f76a0c;-webkit-box-decoration-break:clone;box-decoration-break:clone;padding-top:0px;padding-right:0px;padding-bottom:0px;padding-left:0px;}.kt-svg-icon-list-item-2457_86b239-09 .kt-svg-icon-list-single{font-size:20px !important;background-color:#FFFFFF!important;border-color:#FFFFFF !important;border-width:3px !important;}.kt-svg-icon-list-item-2457_86b239-09 .kt-svg-icon-list-text mark.kt-highlight{background-color:unset;font-style:normal;color:#f76a0c;border-top:1px dotted transparent;border-right:1px dotted transparent;border-bottom:1px dotted transparent;border-left:1px dotted transparent;-webkit-box-decoration-break:clone;box-decoration-break:clone;padding-top:0px;padding-right:0px;padding-bottom:0px;padding-left:0px;}@media all and (max-width: 1024px){.kt-svg-icon-list-item-2457_86b239-09 .kt-svg-icon-list-text mark.kt-highlight{border-top:1px dotted transparent;border-right:1px dotted transparent;border-bottom:1px dotted transparent;border-left:1px dotted transparent;}}@media all and (max-width: 767px){.kt-svg-icon-list-item-2457_86b239-09 .kt-svg-icon-list-text mark.kt-highlight{border-top:1px dotted transparent;border-right:1px dotted transparent;border-bottom:1px dotted transparent;border-left:1px dotted transparent;}}.kt-svg-icon-list-item-2457_c1337b-37 .kt-svg-icon-list-text mark.kt-highlight{background-color:unset;font-style:normal;color:#f76a0c;-webkit-box-decoration-break:clone;box-decoration-break:clone;padding-top:0px;padding-right:0px;padding-bottom:0px;padding-left:0px;}.kt-svg-icon-list-item-2457_e2bad1-8d .kt-svg-icon-list-text mark.kt-highlight{background-color:unset;font-style:normal;color:#f76a0c;-webkit-box-decoration-break:clone;box-decoration-break:clone;padding-top:0px;padding-right:0px;padding-bottom:0px;padding-left:0px;}<\/style>","protected":false},"excerpt":{"rendered":"<p>A bient\u00f4t,n&rsquo;oubliez pas que le calendrier des ateliers est en ligne, ainsi que la galerie des artistes (envoyez nous vos \u0153uvres)<\/p>\n","protected":false},"author":32,"featured_media":0,"comment_status":"closed","ping_status":"open","sticky":false,"template":"","format":"standard","meta":{"_coblocks_attr":"","_coblocks_dimensions":"","_coblocks_responsive_height":"","_coblocks_accordion_ie_support":"","_uag_custom_page_level_css":"","advgb_blocks_editor_width":"","advgb_blocks_columns_visual_guide":"","jetpack_post_was_ever_published":false,"_jetpack_newsletter_access":"","_jetpack_dont_email_post_to_subs":false,"_jetpack_newsletter_tier_id":0,"_jetpack_memberships_contains_paywalled_content":false,"_jetpack_memberships_contains_paid_content":false,"footnotes":""},"categories":[1],"tags":[],"class_list":["post-2457","post","type-post","status-publish","format-standard","hentry","category-news","entry"],"yoast_head":"<!-- This site is optimized with the Yoast SEO plugin v27.5 - https:\/\/yoast.com\/product\/yoast-seo-wordpress\/ -->\n<title>March\u00e9 des peintres \u00e0 RUEIL : On y sera, passez nous voir... - ATELIERS CONTRASTE<\/title>\n<meta name=\"robots\" content=\"index, follow, max-snippet:-1, max-image-preview:large, max-video-preview:-1\" \/>\n<link rel=\"canonical\" href=\"https:\/\/ateliers-contraste.com\/index.php\/2025\/05\/17\/marche-des-peintres-a-rueil-on-y-sera-passez-nous-voir\/\" \/>\n<meta property=\"og:locale\" content=\"fr_FR\" \/>\n<meta property=\"og:type\" content=\"article\" \/>\n<meta property=\"og:title\" content=\"March\u00e9 des peintres \u00e0 RUEIL : On y sera, passez nous voir... - ATELIERS CONTRASTE\" \/>\n<meta property=\"og:description\" content=\"A bient\u00f4t,n&rsquo;oubliez pas que le calendrier des ateliers est en ligne, ainsi que la galerie des artistes (envoyez nous vos \u0153uvres)\" \/>\n<meta property=\"og:url\" content=\"https:\/\/ateliers-contraste.com\/index.php\/2025\/05\/17\/marche-des-peintres-a-rueil-on-y-sera-passez-nous-voir\/\" \/>\n<meta property=\"og:site_name\" content=\"ATELIERS CONTRASTE\" \/>\n<meta property=\"article:published_time\" content=\"2025-05-17T16:04:00+00:00\" \/>\n<meta property=\"article:modified_time\" content=\"2025-05-17T16:04:02+00:00\" \/>\n<meta property=\"og:image\" content=\"https:\/\/ateliers-contraste.com\/wp-content\/uploads\/2023\/12\/cropped-cropped-logoAteliersContraste2.jpg\" \/>\n<meta name=\"author\" content=\"JM G\" \/>\n<meta name=\"twitter:card\" content=\"summary_large_image\" \/>\n<meta name=\"twitter:label1\" content=\"\u00c9crit par\" \/>\n\t<meta name=\"twitter:data1\" content=\"JM G\" \/>\n\t<meta name=\"twitter:label2\" content=\"Dur\u00e9e de lecture estim\u00e9e\" \/>\n\t<meta name=\"twitter:data2\" content=\"2 minutes\" \/>\n<script type=\"application\/ld+json\" class=\"yoast-schema-graph\">{\"@context\":\"https:\\\/\\\/schema.org\",\"@graph\":[{\"@type\":\"Article\",\"@id\":\"https:\\\/\\\/ateliers-contraste.com\\\/index.php\\\/2025\\\/05\\\/17\\\/marche-des-peintres-a-rueil-on-y-sera-passez-nous-voir\\\/#article\",\"isPartOf\":{\"@id\":\"https:\\\/\\\/ateliers-contraste.com\\\/index.php\\\/2025\\\/05\\\/17\\\/marche-des-peintres-a-rueil-on-y-sera-passez-nous-voir\\\/\"},\"author\":{\"name\":\"JM G\",\"@id\":\"https:\\\/\\\/ateliers-contraste.com\\\/#\\\/schema\\\/person\\\/9740f38a64a9368177c840a984b444b8\"},\"headline\":\"March\u00e9 des peintres \u00e0 RUEIL : On y sera, passez nous voir&#8230;\",\"datePublished\":\"2025-05-17T16:04:00+00:00\",\"dateModified\":\"2025-05-17T16:04:02+00:00\",\"mainEntityOfPage\":{\"@id\":\"https:\\\/\\\/ateliers-contraste.com\\\/index.php\\\/2025\\\/05\\\/17\\\/marche-des-peintres-a-rueil-on-y-sera-passez-nous-voir\\\/\"},\"wordCount\":176,\"publisher\":{\"@id\":\"https:\\\/\\\/ateliers-contraste.com\\\/#organization\"},\"image\":{\"@id\":\"https:\\\/\\\/ateliers-contraste.com\\\/index.php\\\/2025\\\/05\\\/17\\\/marche-des-peintres-a-rueil-on-y-sera-passez-nous-voir\\\/#primaryimage\"},\"thumbnailUrl\":\"https:\\\/\\\/ateliers-contraste.com\\\/wp-content\\\/uploads\\\/2023\\\/12\\\/cropped-cropped-logoAteliersContraste2.jpg\",\"articleSection\":[\"NEWS\"],\"inLanguage\":\"fr-FR\"},{\"@type\":\"WebPage\",\"@id\":\"https:\\\/\\\/ateliers-contraste.com\\\/index.php\\\/2025\\\/05\\\/17\\\/marche-des-peintres-a-rueil-on-y-sera-passez-nous-voir\\\/\",\"url\":\"https:\\\/\\\/ateliers-contraste.com\\\/index.php\\\/2025\\\/05\\\/17\\\/marche-des-peintres-a-rueil-on-y-sera-passez-nous-voir\\\/\",\"name\":\"March\u00e9 des peintres \u00e0 RUEIL : On y sera, passez nous voir... - ATELIERS CONTRASTE\",\"isPartOf\":{\"@id\":\"https:\\\/\\\/ateliers-contraste.com\\\/#website\"},\"primaryImageOfPage\":{\"@id\":\"https:\\\/\\\/ateliers-contraste.com\\\/index.php\\\/2025\\\/05\\\/17\\\/marche-des-peintres-a-rueil-on-y-sera-passez-nous-voir\\\/#primaryimage\"},\"image\":{\"@id\":\"https:\\\/\\\/ateliers-contraste.com\\\/index.php\\\/2025\\\/05\\\/17\\\/marche-des-peintres-a-rueil-on-y-sera-passez-nous-voir\\\/#primaryimage\"},\"thumbnailUrl\":\"https:\\\/\\\/ateliers-contraste.com\\\/wp-content\\\/uploads\\\/2023\\\/12\\\/cropped-cropped-logoAteliersContraste2.jpg\",\"datePublished\":\"2025-05-17T16:04:00+00:00\",\"dateModified\":\"2025-05-17T16:04:02+00:00\",\"breadcrumb\":{\"@id\":\"https:\\\/\\\/ateliers-contraste.com\\\/index.php\\\/2025\\\/05\\\/17\\\/marche-des-peintres-a-rueil-on-y-sera-passez-nous-voir\\\/#breadcrumb\"},\"inLanguage\":\"fr-FR\",\"potentialAction\":[{\"@type\":\"ReadAction\",\"target\":[\"https:\\\/\\\/ateliers-contraste.com\\\/index.php\\\/2025\\\/05\\\/17\\\/marche-des-peintres-a-rueil-on-y-sera-passez-nous-voir\\\/\"]}]},{\"@type\":\"ImageObject\",\"inLanguage\":\"fr-FR\",\"@id\":\"https:\\\/\\\/ateliers-contraste.com\\\/index.php\\\/2025\\\/05\\\/17\\\/marche-des-peintres-a-rueil-on-y-sera-passez-nous-voir\\\/#primaryimage\",\"url\":\"https:\\\/\\\/i0.wp.com\\\/ateliers-contraste.com\\\/wp-content\\\/uploads\\\/2023\\\/12\\\/cropped-cropped-logoAteliersContraste2.jpg?fit=178%2C158&ssl=1\",\"contentUrl\":\"https:\\\/\\\/i0.wp.com\\\/ateliers-contraste.com\\\/wp-content\\\/uploads\\\/2023\\\/12\\\/cropped-cropped-logoAteliersContraste2.jpg?fit=178%2C158&ssl=1\",\"width\":178,\"height\":158},{\"@type\":\"BreadcrumbList\",\"@id\":\"https:\\\/\\\/ateliers-contraste.com\\\/index.php\\\/2025\\\/05\\\/17\\\/marche-des-peintres-a-rueil-on-y-sera-passez-nous-voir\\\/#breadcrumb\",\"itemListElement\":[{\"@type\":\"ListItem\",\"position\":1,\"name\":\"Accueil\",\"item\":\"https:\\\/\\\/ateliers-contraste.com\\\/\"},{\"@type\":\"ListItem\",\"position\":2,\"name\":\"March\u00e9 des peintres \u00e0 RUEIL : On y sera, passez nous voir&#8230;\"}]},{\"@type\":\"WebSite\",\"@id\":\"https:\\\/\\\/ateliers-contraste.com\\\/#website\",\"url\":\"https:\\\/\\\/ateliers-contraste.com\\\/\",\"name\":\"ATELIERS CONTRASTE\",\"description\":\"Pratique des Arts Plastiques\",\"publisher\":{\"@id\":\"https:\\\/\\\/ateliers-contraste.com\\\/#organization\"},\"potentialAction\":[{\"@type\":\"SearchAction\",\"target\":{\"@type\":\"EntryPoint\",\"urlTemplate\":\"https:\\\/\\\/ateliers-contraste.com\\\/?s={search_term_string}\"},\"query-input\":{\"@type\":\"PropertyValueSpecification\",\"valueRequired\":true,\"valueName\":\"search_term_string\"}}],\"inLanguage\":\"fr-FR\"},{\"@type\":\"Organization\",\"@id\":\"https:\\\/\\\/ateliers-contraste.com\\\/#organization\",\"name\":\"ATELIERS CONTRASTE\",\"url\":\"https:\\\/\\\/ateliers-contraste.com\\\/\",\"logo\":{\"@type\":\"ImageObject\",\"inLanguage\":\"fr-FR\",\"@id\":\"https:\\\/\\\/ateliers-contraste.com\\\/#\\\/schema\\\/logo\\\/image\\\/\",\"url\":\"https:\\\/\\\/i2.wp.com\\\/ateliers-contraste.com\\\/wp-content\\\/uploads\\\/2020\\\/03\\\/logo-AC.jpg?fit=811%2C514\",\"contentUrl\":\"https:\\\/\\\/i2.wp.com\\\/ateliers-contraste.com\\\/wp-content\\\/uploads\\\/2020\\\/03\\\/logo-AC.jpg?fit=811%2C514\",\"width\":811,\"height\":514,\"caption\":\"ATELIERS CONTRASTE\"},\"image\":{\"@id\":\"https:\\\/\\\/ateliers-contraste.com\\\/#\\\/schema\\\/logo\\\/image\\\/\"}},{\"@type\":\"Person\",\"@id\":\"https:\\\/\\\/ateliers-contraste.com\\\/#\\\/schema\\\/person\\\/9740f38a64a9368177c840a984b444b8\",\"name\":\"JM G\",\"image\":{\"@type\":\"ImageObject\",\"inLanguage\":\"fr-FR\",\"@id\":\"https:\\\/\\\/secure.gravatar.com\\\/avatar\\\/45d0c1e7e59e4718d47f7f65e7cfa244c67089f2acedf0ad6a85c7a0aace0aae?s=96&d=mm&r=g\",\"url\":\"https:\\\/\\\/secure.gravatar.com\\\/avatar\\\/45d0c1e7e59e4718d47f7f65e7cfa244c67089f2acedf0ad6a85c7a0aace0aae?s=96&d=mm&r=g\",\"contentUrl\":\"https:\\\/\\\/secure.gravatar.com\\\/avatar\\\/45d0c1e7e59e4718d47f7f65e7cfa244c67089f2acedf0ad6a85c7a0aace0aae?s=96&d=mm&r=g\",\"caption\":\"JM G\"},\"url\":\"https:\\\/\\\/ateliers-contraste.com\\\/index.php\\\/author\\\/jmadmin\\\/\"}]}<\/script>\n<!-- \/ Yoast SEO plugin. -->","yoast_head_json":{"title":"March\u00e9 des peintres \u00e0 RUEIL : On y sera, passez nous voir... - ATELIERS CONTRASTE","robots":{"index":"index","follow":"follow","max-snippet":"max-snippet:-1","max-image-preview":"max-image-preview:large","max-video-preview":"max-video-preview:-1"},"canonical":"https:\/\/ateliers-contraste.com\/index.php\/2025\/05\/17\/marche-des-peintres-a-rueil-on-y-sera-passez-nous-voir\/","og_locale":"fr_FR","og_type":"article","og_title":"March\u00e9 des peintres \u00e0 RUEIL : On y sera, passez nous voir... - ATELIERS CONTRASTE","og_description":"A bient\u00f4t,n&rsquo;oubliez pas que le calendrier des ateliers est en ligne, ainsi que la galerie des artistes (envoyez nous vos \u0153uvres)","og_url":"https:\/\/ateliers-contraste.com\/index.php\/2025\/05\/17\/marche-des-peintres-a-rueil-on-y-sera-passez-nous-voir\/","og_site_name":"ATELIERS CONTRASTE","article_published_time":"2025-05-17T16:04:00+00:00","article_modified_time":"2025-05-17T16:04:02+00:00","og_image":[{"url":"https:\/\/ateliers-contraste.com\/wp-content\/uploads\/2023\/12\/cropped-cropped-logoAteliersContraste2.jpg","type":"","width":"","height":""}],"author":"JM G","twitter_card":"summary_large_image","twitter_misc":{"\u00c9crit par":"JM G","Dur\u00e9e de lecture estim\u00e9e":"2 minutes"},"schema":{"@context":"https:\/\/schema.org","@graph":[{"@type":"Article","@id":"https:\/\/ateliers-contraste.com\/index.php\/2025\/05\/17\/marche-des-peintres-a-rueil-on-y-sera-passez-nous-voir\/#article","isPartOf":{"@id":"https:\/\/ateliers-contraste.com\/index.php\/2025\/05\/17\/marche-des-peintres-a-rueil-on-y-sera-passez-nous-voir\/"},"author":{"name":"JM G","@id":"https:\/\/ateliers-contraste.com\/#\/schema\/person\/9740f38a64a9368177c840a984b444b8"},"headline":"March\u00e9 des peintres \u00e0 RUEIL : On y sera, passez nous voir&#8230;","datePublished":"2025-05-17T16:04:00+00:00","dateModified":"2025-05-17T16:04:02+00:00","mainEntityOfPage":{"@id":"https:\/\/ateliers-contraste.com\/index.php\/2025\/05\/17\/marche-des-peintres-a-rueil-on-y-sera-passez-nous-voir\/"},"wordCount":176,"publisher":{"@id":"https:\/\/ateliers-contraste.com\/#organization"},"image":{"@id":"https:\/\/ateliers-contraste.com\/index.php\/2025\/05\/17\/marche-des-peintres-a-rueil-on-y-sera-passez-nous-voir\/#primaryimage"},"thumbnailUrl":"https:\/\/ateliers-contraste.com\/wp-content\/uploads\/2023\/12\/cropped-cropped-logoAteliersContraste2.jpg","articleSection":["NEWS"],"inLanguage":"fr-FR"},{"@type":"WebPage","@id":"https:\/\/ateliers-contraste.com\/index.php\/2025\/05\/17\/marche-des-peintres-a-rueil-on-y-sera-passez-nous-voir\/","url":"https:\/\/ateliers-contraste.com\/index.php\/2025\/05\/17\/marche-des-peintres-a-rueil-on-y-sera-passez-nous-voir\/","name":"March\u00e9 des peintres \u00e0 RUEIL : On y sera, passez nous voir... - ATELIERS CONTRASTE","isPartOf":{"@id":"https:\/\/ateliers-contraste.com\/#website"},"primaryImageOfPage":{"@id":"https:\/\/ateliers-contraste.com\/index.php\/2025\/05\/17\/marche-des-peintres-a-rueil-on-y-sera-passez-nous-voir\/#primaryimage"},"image":{"@id":"https:\/\/ateliers-contraste.com\/index.php\/2025\/05\/17\/marche-des-peintres-a-rueil-on-y-sera-passez-nous-voir\/#primaryimage"},"thumbnailUrl":"https:\/\/ateliers-contraste.com\/wp-content\/uploads\/2023\/12\/cropped-cropped-logoAteliersContraste2.jpg","datePublished":"2025-05-17T16:04:00+00:00","dateModified":"2025-05-17T16:04:02+00:00","breadcrumb":{"@id":"https:\/\/ateliers-contraste.com\/index.php\/2025\/05\/17\/marche-des-peintres-a-rueil-on-y-sera-passez-nous-voir\/#breadcrumb"},"inLanguage":"fr-FR","potentialAction":[{"@type":"ReadAction","target":["https:\/\/ateliers-contraste.com\/index.php\/2025\/05\/17\/marche-des-peintres-a-rueil-on-y-sera-passez-nous-voir\/"]}]},{"@type":"ImageObject","inLanguage":"fr-FR","@id":"https:\/\/ateliers-contraste.com\/index.php\/2025\/05\/17\/marche-des-peintres-a-rueil-on-y-sera-passez-nous-voir\/#primaryimage","url":"https:\/\/i0.wp.com\/ateliers-contraste.com\/wp-content\/uploads\/2023\/12\/cropped-cropped-logoAteliersContraste2.jpg?fit=178%2C158&ssl=1","contentUrl":"https:\/\/i0.wp.com\/ateliers-contraste.com\/wp-content\/uploads\/2023\/12\/cropped-cropped-logoAteliersContraste2.jpg?fit=178%2C158&ssl=1","width":178,"height":158},{"@type":"BreadcrumbList","@id":"https:\/\/ateliers-contraste.com\/index.php\/2025\/05\/17\/marche-des-peintres-a-rueil-on-y-sera-passez-nous-voir\/#breadcrumb","itemListElement":[{"@type":"ListItem","position":1,"name":"Accueil","item":"https:\/\/ateliers-contraste.com\/"},{"@type":"ListItem","position":2,"name":"March\u00e9 des peintres \u00e0 RUEIL : On y sera, passez nous voir&#8230;"}]},{"@type":"WebSite","@id":"https:\/\/ateliers-contraste.com\/#website","url":"https:\/\/ateliers-contraste.com\/","name":"ATELIERS CONTRASTE","description":"Pratique des Arts Plastiques","publisher":{"@id":"https:\/\/ateliers-contraste.com\/#organization"},"potentialAction":[{"@type":"SearchAction","target":{"@type":"EntryPoint","urlTemplate":"https:\/\/ateliers-contraste.com\/?s={search_term_string}"},"query-input":{"@type":"PropertyValueSpecification","valueRequired":true,"valueName":"search_term_string"}}],"inLanguage":"fr-FR"},{"@type":"Organization","@id":"https:\/\/ateliers-contraste.com\/#organization","name":"ATELIERS CONTRASTE","url":"https:\/\/ateliers-contraste.com\/","logo":{"@type":"ImageObject","inLanguage":"fr-FR","@id":"https:\/\/ateliers-contraste.com\/#\/schema\/logo\/image\/","url":"https:\/\/i2.wp.com\/ateliers-contraste.com\/wp-content\/uploads\/2020\/03\/logo-AC.jpg?fit=811%2C514","contentUrl":"https:\/\/i2.wp.com\/ateliers-contraste.com\/wp-content\/uploads\/2020\/03\/logo-AC.jpg?fit=811%2C514","width":811,"height":514,"caption":"ATELIERS CONTRASTE"},"image":{"@id":"https:\/\/ateliers-contraste.com\/#\/schema\/logo\/image\/"}},{"@type":"Person","@id":"https:\/\/ateliers-contraste.com\/#\/schema\/person\/9740f38a64a9368177c840a984b444b8","name":"JM G","image":{"@type":"ImageObject","inLanguage":"fr-FR","@id":"https:\/\/secure.gravatar.com\/avatar\/45d0c1e7e59e4718d47f7f65e7cfa244c67089f2acedf0ad6a85c7a0aace0aae?s=96&d=mm&r=g","url":"https:\/\/secure.gravatar.com\/avatar\/45d0c1e7e59e4718d47f7f65e7cfa244c67089f2acedf0ad6a85c7a0aace0aae?s=96&d=mm&r=g","contentUrl":"https:\/\/secure.gravatar.com\/avatar\/45d0c1e7e59e4718d47f7f65e7cfa244c67089f2acedf0ad6a85c7a0aace0aae?s=96&d=mm&r=g","caption":"JM G"},"url":"https:\/\/ateliers-contraste.com\/index.php\/author\/jmadmin\/"}]}},"author_meta":{"display_name":"JM G","author_link":"https:\/\/ateliers-contraste.com\/index.php\/author\/jmadmin\/"},"featured_img":null,"jetpack_featured_media_url":"","uagb_featured_image_src":{"full":false,"thumbnail":false,"medium":false,"medium_large":false,"large":false,"1536x1536":false,"2048x2048":false,"post-thumbnail":false},"uagb_author_info":{"display_name":"JM G","author_link":"https:\/\/ateliers-contraste.com\/index.php\/author\/jmadmin\/"},"uagb_comment_info":0,"uagb_excerpt":"A bient\u00f4t,n&rsquo;oubliez pas que le calendrier des ateliers est en ligne, ainsi que la galerie des artistes (envoyez nous vos \u0153uvres)","coauthors":[],"tax_additional":{"categories":{"linked":["<a href=\"https:\/\/ateliers-contraste.com\/index.php\/category\/news\/\" class=\"advgb-post-tax-term\">NEWS<\/a>"],"unlinked":["<span class=\"advgb-post-tax-term\">NEWS<\/span>"]}},"comment_count":"0","relative_dates":{"created":"Publi\u00e9 12 mois il y a","modified":"Mis \u00e0 jour 12 mois il y a"},"absolute_dates":{"created":"Publi\u00e9 le 17\/05\/2025","modified":"Mise \u00e0 jour le 17\/05\/2025"},"absolute_dates_time":{"created":"Publi\u00e9 le 17\/05\/2025 18 h 04 min","modified":"Mise \u00e0 jour le 17\/05\/2025 18 h 04 min"},"featured_img_caption":"","series_order":"","jetpack_sharing_enabled":true,"_links":{"self":[{"href":"https:\/\/ateliers-contraste.com\/index.php\/wp-json\/wp\/v2\/posts\/2457","targetHints":{"allow":["GET"]}}],"collection":[{"href":"https:\/\/ateliers-contraste.com\/index.php\/wp-json\/wp\/v2\/posts"}],"about":[{"href":"https:\/\/ateliers-contraste.com\/index.php\/wp-json\/wp\/v2\/types\/post"}],"author":[{"embeddable":true,"href":"https:\/\/ateliers-contraste.com\/index.php\/wp-json\/wp\/v2\/users\/32"}],"replies":[{"embeddable":true,"href":"https:\/\/ateliers-contraste.com\/index.php\/wp-json\/wp\/v2\/comments?post=2457"}],"version-history":[{"count":1,"href":"https:\/\/ateliers-contraste.com\/index.php\/wp-json\/wp\/v2\/posts\/2457\/revisions"}],"predecessor-version":[{"id":2458,"href":"https:\/\/ateliers-contraste.com\/index.php\/wp-json\/wp\/v2\/posts\/2457\/revisions\/2458"}],"wp:attachment":[{"href":"https:\/\/ateliers-contraste.com\/index.php\/wp-json\/wp\/v2\/media?parent=2457"}],"wp:term":[{"taxonomy":"category","embeddable":true,"href":"https:\/\/ateliers-contraste.com\/index.php\/wp-json\/wp\/v2\/categories?post=2457"},{"taxonomy":"post_tag","embeddable":true,"href":"https:\/\/ateliers-contraste.com\/index.php\/wp-json\/wp\/v2\/tags?post=2457"}],"curies":[{"name":"wp","href":"https:\/\/api.w.org\/{rel}","templated":true}]}}